{"id":113578,"date":"2025-10-16T18:37:10","date_gmt":"2025-10-16T18:37:10","guid":{"rendered":"https:\/\/www.europesays.com\/pt\/113578\/"},"modified":"2025-10-16T18:37:10","modified_gmt":"2025-10-16T18:37:10","slug":"fim-da-prorrogacao-automatica-aumenta-procura-de-imigrantes-observador","status":"publish","type":"post","link":"https:\/\/www.europesays.com\/pt\/113578\/","title":{"rendered":"Fim da prorroga\u00e7\u00e3o autom\u00e1tica aumenta procura de imigrantes \u2013 Observador"},"content":{"rendered":"<p>Os servi\u00e7os da Ag\u00eancia para a Integra\u00e7\u00e3o Migra\u00e7\u00f5es e Asilo t\u00eam verificado esta quarta-feira uma procura acima do habitual, com o fim dos prazos de validade dos documentos de resid\u00eancia, anunciado desde junho.<\/p>\n<p>H\u00e1 mais de cinco anos que os prazos dos t\u00edtulos de resid\u00eancia t\u00eam sido\u00a0prorrogados administrativamente sem necessidade de substituir os documentos, primeiro por causa da pandemia e depois devido \u00e0 grande aflu\u00eancia de imigrantes a Portugal e aos atrasos administrativos na regulariza\u00e7\u00e3o de estrangeiros.<\/p>\n<p>Esta quarta-feira termina a \u00faltima prorroga\u00e7\u00e3o administrativa do decreto-lei 10-A\/2020, <strong>que reconhece como v\u00e1lidos os documentos de resid\u00eancia vencidos,<\/strong> o que levou a uma maior procura aos espa\u00e7os da AIMA.<\/p>\n<p>Contudo, <strong>fonte do Governo disse \u00e0 Lusa que a data estava j\u00e1 prevista e a esmagadora maioria das pessoas j\u00e1 tem os documentos ou j\u00e1 agendou a renova\u00e7\u00e3o dos documentos,<\/strong> agora com exig\u00eancias biom\u00e9tricas e novos par\u00e2metros, impostos tamb\u00e9m pelos parceiros europeus.<\/p>\n<p><strong>Desde que tenham feito o agendamento e pago a renova\u00e7\u00e3o, os imigrantes t\u00eam o t\u00edtulo v\u00e1lido por 180 dias, mesmo ap\u00f3s a data de hoje.<\/strong><\/p>\n<p>\u201cE mesmo hoje, se n\u00e3o conseguirem agendar, podem sempre faz\u00ea-lo nos pr\u00f3ximos dias\u201d, disse a mesma fonte, explicando que \u201cera necess\u00e1rio estabelecer uma data final\u201d para a prorroga\u00e7\u00e3o autom\u00e1tica dos documentos.<\/p>\n<p>Desde junho, a estrutura de miss\u00e3o da AIMA tratou de 74 mil renova\u00e7\u00f5es e, at\u00e9 ao momento, j\u00e1 foram atribu\u00eddos 190 mil cart\u00f5es de resid\u00eancia relativos a manifesta\u00e7\u00f5es de interesse e 55 mil para cidad\u00e3os da Comunidade dos Pa\u00edses de L\u00edngua Portuguesa (CPLP).<\/p>\n<p>O decreto-lei que tem sido prorrogado desde 2020 tem sido criticado por associa\u00e7\u00f5es e dirigentes pol\u00edticos porque muitos imigrantes t\u00eam tido problemas em ver reconhecidos os documentos com data vencida no resto da Uni\u00e3o Europeia.<\/p>\n<p>Trata-se de um diploma legal que os imigrantes utilizam para justificar junto das autoridades a data expirada dos documentos, um recurso que, a partir de agora, deixar\u00e1 de ser poss\u00edvel.<\/p>\n<p>A tutela e a AIMA t\u00eam alegado que os canais digitais est\u00e3o todos a funcionar para que os imigrantes possam tratar do agendamento da renova\u00e7\u00e3o dos seus documentos.<\/p>\n","protected":false},"excerpt":{"rendered":"Os servi\u00e7os da Ag\u00eancia para a Integra\u00e7\u00e3o Migra\u00e7\u00f5es e Asilo t\u00eam verificado esta quarta-feira uma procura acima do&hellip;\n","protected":false},"author":2,"featured_media":113579,"comment_status":"","ping_status":"","sticky":false,"template":"","format":"standard","meta":{"footnotes":""},"categories":[10],"tags":[1964,27,28,15,16,14,1865,25,26,21,22,62,12,13,19,20,57,2003,32,23,24,33,2004,58,17,18,29,30,31],"class_list":{"0":"post-113578","1":"post","2":"type-post","3":"status-publish","4":"format-standard","5":"has-post-thumbnail","7":"category-portugal","8":"tag-aima","9":"tag-breaking-news","10":"tag-breakingnews","11":"tag-featured-news","12":"tag-featurednews","13":"tag-headlines","14":"tag-imigrantes","15":"tag-latest-news","16":"tag-latestnews","17":"tag-main-news","18":"tag-mainnews","19":"tag-mundo","20":"tag-news","21":"tag-noticias","22":"tag-noticias-principais","23":"tag-noticiasprincipais","24":"tag-pau00eds","25":"tag-polu00edcia","26":"tag-portugal","27":"tag-principais-noticias","28":"tag-principaisnoticias","29":"tag-pt","30":"tag-seguranu00e7a","31":"tag-sociedade","32":"tag-top-stories","33":"tag-topstories","34":"tag-ultimas","35":"tag-ultimas-noticias","36":"tag-ultimasnoticias"},"share_on_mastodon":{"url":"","error":""},"_links":{"self":[{"href":"https:\/\/www.europesays.com\/pt\/wp-json\/wp\/v2\/posts\/113578","targetHints":{"allow":["GET"]}}],"collection":[{"href":"https:\/\/www.europesays.com\/pt\/wp-json\/wp\/v2\/posts"}],"about":[{"href":"https:\/\/www.europesays.com\/pt\/wp-json\/wp\/v2\/types\/post"}],"author":[{"embeddable":true,"href":"https:\/\/www.europesays.com\/pt\/wp-json\/wp\/v2\/users\/2"}],"replies":[{"embeddable":true,"href":"https:\/\/www.europesays.com\/pt\/wp-json\/wp\/v2\/comments?post=113578"}],"version-history":[{"count":0,"href":"https:\/\/www.europesays.com\/pt\/wp-json\/wp\/v2\/posts\/113578\/revisions"}],"wp:featuredmedia":[{"embeddable":true,"href":"https:\/\/www.europesays.com\/pt\/wp-json\/wp\/v2\/media\/113579"}],"wp:attachment":[{"href":"https:\/\/www.europesays.com\/pt\/wp-json\/wp\/v2\/media?parent=113578"}],"wp:term":[{"taxonomy":"category","embeddable":true,"href":"https:\/\/www.europesays.com\/pt\/wp-json\/wp\/v2\/categories?post=113578"},{"taxonomy":"post_tag","embeddable":true,"href":"https:\/\/www.europesays.com\/pt\/wp-json\/wp\/v2\/tags?post=113578"}],"curies":[{"name":"wp","href":"https:\/\/api.w.org\/{rel}","templated":true}]}}