{"id":113600,"date":"2025-10-16T19:02:11","date_gmt":"2025-10-16T19:02:11","guid":{"rendered":"https:\/\/www.europesays.com\/pt\/113600\/"},"modified":"2025-10-16T19:02:11","modified_gmt":"2025-10-16T19:02:11","slug":"novo-projeto-daniela-santos-surpreende-ao-lado-de-nome-conhecido-da-musica-portuguesa-secret-story","status":"publish","type":"post","link":"https:\/\/www.europesays.com\/pt\/113600\/","title":{"rendered":"Novo projeto: Daniela Santos surpreende ao lado de nome conhecido da m\u00fasica portuguesa &#8211; Secret Story"},"content":{"rendered":"<p data-end=\"434\" data-start=\"128\">Rui Bandeira prepara-se para lan\u00e7ar um novo tema, intitulado \u00abQuero Essa Mulher\u00bb, que ficar\u00e1 dispon\u00edvel nas principais plataformas digitais a partir do dia 17 de outubro, sexta-feira. A m\u00fasica conta com uma participa\u00e7\u00e3o especial da bailarina Daniela Santos, que tamb\u00e9m protagoniza o videoclipe.<\/p>\n<p data-end=\"531\" data-start=\"436\">O cantor revelou a novidade nas redes sociais, onde partilhou o entusiasmo com os seguidores:\u00a0<strong>\u00abChegou a hora de revelar quem \u00e9 a protagonista do meu novo videoclipe, \u2018Quero Essa Mulher\u2019. Senhoras e senhores, \u00e9 um prazer anunciar-vos Daniela Santos. Muito obrigado por teres participado nesta aventura, fizeste um excelente trabalho.\u00bb<\/strong><\/p>\n<blockquote class=\"instagram-media\" data-instgrm-captioned=\"\" data-instgrm-permalink=\"https:\/\/www.instagram.com\/reel\/DPzMwYtjEBk\/?utm_source=ig_embed&amp;utm_campaign=loading\" data-instgrm-version=\"14\" style=\" background:#FFF; border:0; border-radius:3px; box-shadow:0 0 1px 0 rgba(0,0,0,0.5),0 1px 10px 0 rgba(0,0,0,0.15); margin: 1px; max-width:540px; min-width:326px; padding:0; width:99.375%; width:-webkit-calc(100% - 2px); width:calc(100% - 2px);\">\n<\/blockquote>\n<p data-end=\"855\" data-start=\"780\">Daniela Santos respondeu \u00e0 publica\u00e7\u00e3o com palavras de carinho e gratid\u00e3o:\u00a0<strong>\u00abObrigada eu! Fomos uma verdadeira equipa e adorei participar. Ali\u00e1s, aproveito para dizer que o Ol\u00e9 \u00e9 algo que me caracteriza muito, as pessoas j\u00e1 me identificam com isso. Por isso, escolheste o cen\u00e1rio ideal para este videoclipe. Acho que tem tudo para dar certo e vai ser um sucesso.\u00bb<\/strong><\/p>\n<p data-end=\"1330\" data-start=\"1152\">O novo tema promete juntar a energia caracter\u00edstica de Rui Bandeira \u00e0 presen\u00e7a carism\u00e1tica de Daniela Santos, numa colabora\u00e7\u00e3o que est\u00e1 a gerar grande expectativa entre os f\u00e3s, nas redes sociais pode ler-se: \u00abA melhor escolha \ud83d\udd25\ud83d\udc4f Ol\u00e9 por este sucesso \ud83c\udf40\ud83d\udca5\u00bb e \u00abLindos \ud83d\ude0d muito sucesso \ud83d\ude4f excelente escolha \ud83d\udc4c mulher de garra\ud83d\ude0d\u00bb.<\/p>\n<p>                        <script async src=\"\/\/www.instagram.com\/embed.js\"><\/script><\/p>\n","protected":false},"excerpt":{"rendered":"Rui Bandeira prepara-se para lan\u00e7ar um novo tema, intitulado \u00abQuero Essa Mulher\u00bb, que ficar\u00e1 dispon\u00edvel nas principais plataformas&hellip;\n","protected":false},"author":2,"featured_media":113601,"comment_status":"","ping_status":"","sticky":false,"template":"","format":"standard","meta":{"footnotes":""},"categories":[142],"tags":[8113,2632,329,333,328,335,1397,336,114,115,334,330,1326,338,19019,13,32,33,1315,8174,151,162,19020,227],"class_list":{"0":"post-113600","1":"post","2":"type-post","3":"status-publish","4":"format-standard","5":"has-post-thumbnail","7":"category-tv","8":"tag-alice-alves","9":"tag-casa-dos-segredos","10":"tag-claudio-ramos","11":"tag-comentadores","12":"tag-concorrentes","13":"tag-confrontos","14":"tag-daniela-santos","15":"tag-discussoes","16":"tag-entertainment","17":"tag-entretenimento","18":"tag-exclusivos","19":"tag-gala","20":"tag-mafalda-castro","21":"tag-maria-botelho-moniz","22":"tag-marta-cardoso","23":"tag-noticias","24":"tag-portugal","25":"tag-pt","26":"tag-secret-story","27":"tag-segredos","28":"tag-tv","29":"tag-tvi","30":"tag-video-do-dia","31":"tag-videos"},"share_on_mastodon":{"url":"","error":""},"_links":{"self":[{"href":"https:\/\/www.europesays.com\/pt\/wp-json\/wp\/v2\/posts\/113600","targetHints":{"allow":["GET"]}}],"collection":[{"href":"https:\/\/www.europesays.com\/pt\/wp-json\/wp\/v2\/posts"}],"about":[{"href":"https:\/\/www.europesays.com\/pt\/wp-json\/wp\/v2\/types\/post"}],"author":[{"embeddable":true,"href":"https:\/\/www.europesays.com\/pt\/wp-json\/wp\/v2\/users\/2"}],"replies":[{"embeddable":true,"href":"https:\/\/www.europesays.com\/pt\/wp-json\/wp\/v2\/comments?post=113600"}],"version-history":[{"count":0,"href":"https:\/\/www.europesays.com\/pt\/wp-json\/wp\/v2\/posts\/113600\/revisions"}],"wp:featuredmedia":[{"embeddable":true,"href":"https:\/\/www.europesays.com\/pt\/wp-json\/wp\/v2\/media\/113601"}],"wp:attachment":[{"href":"https:\/\/www.europesays.com\/pt\/wp-json\/wp\/v2\/media?parent=113600"}],"wp:term":[{"taxonomy":"category","embeddable":true,"href":"https:\/\/www.europesays.com\/pt\/wp-json\/wp\/v2\/categories?post=113600"},{"taxonomy":"post_tag","embeddable":true,"href":"https:\/\/www.europesays.com\/pt\/wp-json\/wp\/v2\/tags?post=113600"}],"curies":[{"name":"wp","href":"https:\/\/api.w.org\/{rel}","templated":true}]}}