{"id":113603,"date":"2025-10-16T19:05:13","date_gmt":"2025-10-16T19:05:13","guid":{"rendered":"https:\/\/www.europesays.com\/pt\/113603\/"},"modified":"2025-10-16T19:05:13","modified_gmt":"2025-10-16T19:05:13","slug":"como-ver-o-jogo-da-3a-eliminatoria-da-taca-de-portugal","status":"publish","type":"post","link":"https:\/\/www.europesays.com\/pt\/113603\/","title":{"rendered":"como ver o jogo da 3\u00aa eliminat\u00f3ria da Ta\u00e7a de Portugal?"},"content":{"rendered":"<p>&#8211; Advertisement &#8211;<\/p>\n<p><strong><strong>O Celoricense x FC Porto n\u00e3o ter\u00e1 transmiss\u00e3o televisiva em canal aberto. O duelo da 3.\u00aa eliminat\u00f3ria da Ta\u00e7a de Portugal ser\u00e1 transmitido na Sport TV. <\/strong><\/strong><\/p>\n<p>V\u00e1rios dos jogos da 3.\u00aa eliminat\u00f3ria da Ta\u00e7a de Portugal ter\u00e3o transmiss\u00e3o em sinal aberto ou, em alguns casos, em canais por cabo, mas este n\u00e3o \u00e9 cen\u00e1rio para todos. O Celoricense x FC Porto, duelo da competi\u00e7\u00e3o, ser\u00e1 transmitido apenas na Sport TV.<\/p>\n<p>O jogo entre os conjuntos do Campeonato de Portugal e da Primeira Liga joga-se este s\u00e1bado, dia 18 de outubro, a partir das 18h. Ao contr\u00e1rio dos jogos de Benfica e Sporting, que ser\u00e3o transmitidos na RTP1, este duelo n\u00e3o entra na lista \u2013 restrita a dois jogos \u2013 de encontros na \u00f3rbita da televis\u00e3o p\u00fablica portuguesa. <\/p>\n<p>Conhece o<a href=\"https:\/\/bolanarede.pt\/especial-bola-na-rede\/atualidade\/como-e-onde-ver-a-3a-eliminatoria-da-taca-de-portugal-eis-os-horarios-e-todos-os-jogos-com-transmissao-televisiva\/\" target=\"_blank\" rel=\"noreferrer noopener nofollow\">\u00a0calend\u00e1rio das transmiss\u00f5es televisivas da 3.\u00aa eliminat\u00f3ria da Ta\u00e7a de Portugal\u00a0<\/a>na \u00edntegra.<\/p>\n","protected":false},"excerpt":{"rendered":"&#8211; Advertisement &#8211; O Celoricense x FC Porto n\u00e3o ter\u00e1 transmiss\u00e3o televisiva em canal aberto. O duelo da&hellip;\n","protected":false},"author":2,"featured_media":113604,"comment_status":"","ping_status":"","sticky":false,"template":"","format":"standard","meta":{"footnotes":""},"categories":[87],"tags":[260,21806,135,282,32,33,134,3142],"class_list":{"0":"post-113603","1":"post","2":"type-post","3":"status-publish","4":"format-standard","5":"has-post-thumbnail","7":"category-desporto","8":"tag-atualidade","9":"tag-celoricense","10":"tag-desporto","11":"tag-fc-porto","12":"tag-portugal","13":"tag-pt","14":"tag-sports","15":"tag-taca-de-portugal"},"share_on_mastodon":{"url":"","error":""},"_links":{"self":[{"href":"https:\/\/www.europesays.com\/pt\/wp-json\/wp\/v2\/posts\/113603","targetHints":{"allow":["GET"]}}],"collection":[{"href":"https:\/\/www.europesays.com\/pt\/wp-json\/wp\/v2\/posts"}],"about":[{"href":"https:\/\/www.europesays.com\/pt\/wp-json\/wp\/v2\/types\/post"}],"author":[{"embeddable":true,"href":"https:\/\/www.europesays.com\/pt\/wp-json\/wp\/v2\/users\/2"}],"replies":[{"embeddable":true,"href":"https:\/\/www.europesays.com\/pt\/wp-json\/wp\/v2\/comments?post=113603"}],"version-history":[{"count":0,"href":"https:\/\/www.europesays.com\/pt\/wp-json\/wp\/v2\/posts\/113603\/revisions"}],"wp:featuredmedia":[{"embeddable":true,"href":"https:\/\/www.europesays.com\/pt\/wp-json\/wp\/v2\/media\/113604"}],"wp:attachment":[{"href":"https:\/\/www.europesays.com\/pt\/wp-json\/wp\/v2\/media?parent=113603"}],"wp:term":[{"taxonomy":"category","embeddable":true,"href":"https:\/\/www.europesays.com\/pt\/wp-json\/wp\/v2\/categories?post=113603"},{"taxonomy":"post_tag","embeddable":true,"href":"https:\/\/www.europesays.com\/pt\/wp-json\/wp\/v2\/tags?post=113603"}],"curies":[{"name":"wp","href":"https:\/\/api.w.org\/{rel}","templated":true}]}}