{"id":113609,"date":"2025-10-16T19:10:09","date_gmt":"2025-10-16T19:10:09","guid":{"rendered":"https:\/\/www.europesays.com\/pt\/113609\/"},"modified":"2025-10-16T19:10:09","modified_gmt":"2025-10-16T19:10:09","slug":"hamas-contra-os-clas-comeca-a-parecer-um-massacre-diz-comandante-israelita-medio-oriente","status":"publish","type":"post","link":"https:\/\/www.europesays.com\/pt\/113609\/","title":{"rendered":"Hamas contra os cl\u00e3s: \u201cCome\u00e7a a parecer um massacre\u201d, diz comandante israelita | M\u00e9dio Oriente"},"content":{"rendered":"<p>O primeiro sinal foi dado logo ap\u00f3s o cessar-fogo decretado por Israel na sexta-feira passada: homens armados do Hamas, alguns com a farda da pol\u00edcia, come\u00e7aram a aparecer nas ruas da Cidade de Gaza.<\/p>\n<p>O facto de o Hamas estar vis\u00edvel nas ruas n\u00e3o foi visto como um problema: tratar-se-ia sobretudo de manter alguma possibilidade de ordem e de estrutura, e v\u00e1rias vozes de Gaza diziam que temiam mais o vazio total de poder do que a presen\u00e7a do Hamas.<\/p>\n<p>At\u00e9 Donald Trump falou sobre isso, dizendo que n\u00e3o era problem\u00e1tico (ao contr\u00e1rio do facto de n\u00e3o terem sido devolvidos a Israel todos os corpos de ref\u00e9ns mortos, que considerou problem\u00e1tico).<\/p>\n<p>Mas depois surgiram not\u00edcias de <a href=\"https:\/\/www.publico.pt\/2025\/10\/13\/mundo\/noticia\/hamas-leva-cabo-onda-execucoes-gaza-alegando-motivos-crime-seguranca-2150695\" rel=\"nofollow noopener\" target=\"_blank\">execu\u00e7\u00f5es p\u00fablicas<\/a> e assass\u00ednios pelos combatentes do Hamas. Os alvos parecem ter sido sobretudo os cl\u00e3s que aceitaram apoio de Israel e com que as autoridades do Estado hebraico pretendiam ter um contrapeso ao Hamas, apostando no seu enfraquecimento e em alguma revolta da popula\u00e7\u00e3o, e tamb\u00e9m de alguns ligados \u00e0 Fatah, a fac\u00e7\u00e3o no poder na Autoridade Palestiniana, na Cisjord\u00e2nia ocupada.<\/p>\n<p>At\u00e9 agora, todos os sinais eram de que a vantagem estava do lado do Hamas.<\/p>\n<p>Um militar israelita (as for\u00e7as de Israel ainda est\u00e3o em 53% do territ\u00f3rio da Faixa de Gaza) relatou ao Haaretz como assistia \u201cao inconceb\u00edvel\u201d: \u201cCome\u00e7a a parecer que est\u00e1 a acontecer aqui um massacre. H\u00e1 dezenas de mortos e centenas de feridos dos cl\u00e3s suspeitos de terem ajudado Israel\u201d.<\/p>\n<p>Conclus\u00e3o: \u201cQuem quer que pensasse que haveria uma alternativa de governo, descobriu, no espa\u00e7o de horas, de que modo n\u00e3o s\u00e3o relevantes e de que modo \u00e9 que o Hamas manteve o seu poder em Gaza\u201d, declarou o militar.<\/p>\n<p>O analista israelita Michael Milshtein, especialista em movimentos palestinianos como o Hamas, comentou na rede social X (antigo Twitter) que este parecia ser o fim do que chamou \u201ca fantasia dos cl\u00e3s\u201d que as autoridades israelitas alimentaram em rela\u00e7\u00e3o a Gaza, com um ano de esfor\u00e7os para apoiar grupos armados que pudessem ser uma alternativa ao Hamas a parecer terminar.<\/p>\n<p>Milshtein sublinha que voltar a conseguir o monop\u00f3lio do uso da viol\u00eancia n\u00e3o \u00e9 f\u00e1cil para um Hamas enfraquecido: h\u00e1 relatos de combates duros e tamb\u00e9m os islamistas perderam combatentes e figuras de relevo em confrontos com membros armados dos cl\u00e3s.<\/p>\n<p>Mas Milshtein critica sobretudo o que diz serem erros sa\u00eddos da incapacidade de Israel avaliar o que \u00e9 poss\u00edvel fazer na Faixa de Gaza, da ideia da sa\u00edda volunt\u00e1ria dos palestinianos de Gaza at\u00e9 \u00e0 distribui\u00e7\u00e3o militarizada de ajuda atrav\u00e9s da Funda\u00e7\u00e3o Humanit\u00e1ria de Gaza at\u00e9, agora, aos cl\u00e3s.<\/p>\n<p>A rela\u00e7\u00e3o entre os cl\u00e3s e o Hamas (e tamb\u00e9m a Fatah) n\u00e3o \u00e9 imut\u00e1vel; um dos cl\u00e3s, ali\u00e1s, optou por desistir de se opor ao Hamas e anunciou o seu apoio ao movimento.<\/p>\n<p>A luta entre o Hamas e os cl\u00e3s n\u00e3o tem directamente que ver com a quest\u00e3o do desarmamento do movimento previsto no plano de Trump, embora esta seja uma condi\u00e7\u00e3o que o Hamas j\u00e1 disse que n\u00e3o ir\u00e1 aceitar, repetindo que apenas o far\u00e1 quanto existir um Estado palestiniano.<\/p>\n<p>No entanto, h\u00e1 analistas que admitem que poder\u00e1 entregar algum do armamento usado contra Israel, como os rockets, mantendo as armas tipo metralhadoras (e a vasta rede de t\u00faneis).<\/p>\n<p>Um alto respons\u00e1vel militar dos EUA apelou, diz o Guardian, ao Hamas para \u201cparar a viol\u00eancia contra os civis\u201d e para \u201cdesarmar sem demora\u201d.<\/p>\n","protected":false},"excerpt":{"rendered":"O primeiro sinal foi dado logo ap\u00f3s o cessar-fogo decretado por Israel na sexta-feira passada: homens armados do&hellip;\n","protected":false},"author":2,"featured_media":113610,"comment_status":"","ping_status":"","sticky":false,"template":"","format":"standard","meta":{"footnotes":""},"categories":[50],"tags":[27,28,15,16,255,14,259,25,26,21,22,432,62,12,13,19,20,542,23,24,17,18,29,30,31,63,64,65],"class_list":{"0":"post-113609","1":"post","2":"type-post","3":"status-publish","4":"format-standard","5":"has-post-thumbnail","7":"category-mundo","8":"tag-breaking-news","9":"tag-breakingnews","10":"tag-featured-news","11":"tag-featurednews","12":"tag-hamas","13":"tag-headlines","14":"tag-israel","15":"tag-latest-news","16":"tag-latestnews","17":"tag-main-news","18":"tag-mainnews","19":"tag-medio-oriente","20":"tag-mundo","21":"tag-news","22":"tag-noticias","23":"tag-noticias-principais","24":"tag-noticiasprincipais","25":"tag-para-redes","26":"tag-principais-noticias","27":"tag-principaisnoticias","28":"tag-top-stories","29":"tag-topstories","30":"tag-ultimas","31":"tag-ultimas-noticias","32":"tag-ultimasnoticias","33":"tag-world","34":"tag-world-news","35":"tag-worldnews"},"share_on_mastodon":{"url":"","error":""},"_links":{"self":[{"href":"https:\/\/www.europesays.com\/pt\/wp-json\/wp\/v2\/posts\/113609","targetHints":{"allow":["GET"]}}],"collection":[{"href":"https:\/\/www.europesays.com\/pt\/wp-json\/wp\/v2\/posts"}],"about":[{"href":"https:\/\/www.europesays.com\/pt\/wp-json\/wp\/v2\/types\/post"}],"author":[{"embeddable":true,"href":"https:\/\/www.europesays.com\/pt\/wp-json\/wp\/v2\/users\/2"}],"replies":[{"embeddable":true,"href":"https:\/\/www.europesays.com\/pt\/wp-json\/wp\/v2\/comments?post=113609"}],"version-history":[{"count":0,"href":"https:\/\/www.europesays.com\/pt\/wp-json\/wp\/v2\/posts\/113609\/revisions"}],"wp:featuredmedia":[{"embeddable":true,"href":"https:\/\/www.europesays.com\/pt\/wp-json\/wp\/v2\/media\/113610"}],"wp:attachment":[{"href":"https:\/\/www.europesays.com\/pt\/wp-json\/wp\/v2\/media?parent=113609"}],"wp:term":[{"taxonomy":"category","embeddable":true,"href":"https:\/\/www.europesays.com\/pt\/wp-json\/wp\/v2\/categories?post=113609"},{"taxonomy":"post_tag","embeddable":true,"href":"https:\/\/www.europesays.com\/pt\/wp-json\/wp\/v2\/tags?post=113609"}],"curies":[{"name":"wp","href":"https:\/\/api.w.org\/{rel}","templated":true}]}}