{"id":113612,"date":"2025-10-16T19:15:20","date_gmt":"2025-10-16T19:15:20","guid":{"rendered":"https:\/\/www.europesays.com\/pt\/113612\/"},"modified":"2025-10-16T19:15:20","modified_gmt":"2025-10-16T19:15:20","slug":"livro-propoe-21-passos-para-destravar-o-potencial-e-viver-com-proposito","status":"publish","type":"post","link":"https:\/\/www.europesays.com\/pt\/113612\/","title":{"rendered":"Livro prop\u00f5e 21 passos para destravar o potencial e viver com prop\u00f3sito"},"content":{"rendered":"<p dir=\"ltr\">Quantas pessoas passam pela vida sem exercer plenamente suas <a href=\"https:\/\/www.em.com.br\/app\/colunistas\/alessandra-aragao\/2023\/10\/26\/noticia-alessandra-aragao,1582291\/por-que-e-tao-valioso-compreender-seu-proposito.shtml\" target=\"_blank\" rel=\"nofollow noopener\"><strong>potencialidades<\/strong><\/a>? E quantas chegam ao fim frustradas por terem repetido os mesmos caminhos, especialmente no campo profissional?<\/p>\n<p dir=\"ltr\">Foi \u201cdo profundo desejo de ajudar as pessoas a descobrirem seus dons e talentos \u00fanicos, para que possam viver com mais verdade, presen\u00e7a e inten\u00e7\u00e3o, e assim realizarem o prop\u00f3sito que vieram manifestar aqui na Terra\u201d que a escritora e publicit\u00e1ria Sarah Zampier escreveu &#8220;Unlock &#8211; Desbloqueie todo seu potencial&#8221;.<\/p>\n<p dir=\"ltr\">O lan\u00e7amento acontece nesta sexta-feira (17\/10), das 18h30 \u00e0s 21h30, na Livraria Leitura do Shopping P\u00e1tio Savassi (Avenida do Contorno, 6.061, Belo Horizonte).\u00a0<\/p>\n<p dir=\"ltr\">\u00a0<\/p>\n<p dir=\"ltr\">A obra \u00e9 um guia pr\u00e1tico que convida o leitor a assumir o comando da pr\u00f3pria vida, combinando ferramentas reconhecidas de planejamento estrat\u00e9gico a <strong><a href=\"https:\/\/www.em.com.br\/app\/noticia\/saude-e-bem-viver\/2023\/06\/26\/interna_bem_viver,1512289\/poderes-da-mente-dicas-de-como-utilizar-a-capacidade-a-seu-favor.shtml\" target=\"_blank\" rel=\"nofollow noopener\">exerc\u00edcios de autoconhecimento<\/a><\/strong> acess\u00edveis e transformadores.<\/p>\n<p dir=\"ltr\">O conte\u00fado \u00e9 resultado de mais de 20 anos de estudos e especializa\u00e7\u00f5es da autora nas \u00e1reas de gest\u00e3o corporativa, comportamento humano, psicologia e espiritualidade \u2014 uma base que, segundo ela, sustenta sua atua\u00e7\u00e3o em processos de transforma\u00e7\u00e3o de empresas e profissionais.<\/p>\n<p dir=\"ltr\">O\u00a0livro apresenta 21 passos divididos em quatro ciclos:<\/p>\n<ol>&#13;<\/p>\n<li dir=\"ltr\">Autodescoberta<\/li>\n<p>&#13;<\/p>\n<li dir=\"ltr\">Planejamento Estrat\u00e9gico do seu Novo Eu<\/li>\n<p>&#13;<\/p>\n<li dir=\"ltr\">Identidade e Posicionamento\u00a0<\/li>\n<p>&#13;<\/p>\n<li dir=\"ltr\">Vivendo seu Prop\u00f3sito<\/li>\n<p>&#13;\n<\/ol>\n<p dir=\"ltr\">Cada ciclo prop\u00f5e pr\u00e1ticas simples, <strong><a href=\"https:\/\/www.em.com.br\/saude\/2023\/12\/6668200-autoconhecimento-a-verdadeira-saude-na-grecia-antiga.html\" target=\"_blank\" rel=\"nofollow noopener\">reflex\u00f5es profundas<\/a><\/strong> e exerc\u00edcios guiados, que t\u00eam como objetivo tirar inten\u00e7\u00f5es do papel e transform\u00e1-las em a\u00e7\u00e3o.<\/p>\n<p dir=\"ltr\">\u201c\u00c9 uma esp\u00e9cie de planejamento estrat\u00e9gico individual que objetiva despertar e transformar a vida das pessoas. \u00c9 um convite para sair do piloto autom\u00e1tico e assumir, com consci\u00eancia, o comando da pr\u00f3pria vida. Porque a vida pessoal tamb\u00e9m merece planejamento e, para viver o prop\u00f3sito, \u00e9 preciso ter estrat\u00e9gia\u201d, resume.<\/p>\n<p dir=\"ltr\">Segundo Sarah Zampier, &#8220;Unlock&#8221; foi pensado para diferentes momentos da <strong><a href=\"https:\/\/www.em.com.br\/app\/noticia\/saude-e-bem-viver\/2023\/05\/30\/interna_bem_viver,1500792\/saiba-como-impulsionar-sua-produtividade-e-concentracao-com-o-cafe.shtml\" target=\"_blank\" rel=\"nofollow noopener\">jornada pessoal e profissional<\/a><\/strong> \u2014 desde quem busca uma mudan\u00e7a de carreira at\u00e9 jovens que desejam come\u00e7ar com clareza e prop\u00f3sito. \u201cUnlock \u00e9 para quem quer construir um caminho com mais sentido. Para quem est\u00e1 pronto(a) para tomar decis\u00f5es mais alinhadas com o que sente, com o que acredita e com o que deseja viver\u201d, pontua.<\/p>\n<p dir=\"ltr\"><strong>Servi\u00e7o<\/strong><\/p>\n<p dir=\"ltr\"><strong>Lan\u00e7amento do livro \u201cUnlock \u2013 Desbloqueie todo seu potencial\u201d<\/strong><\/p>\n<ul>&#13;<\/p>\n<li dir=\"ltr\"><strong>Quando:<\/strong> 17 de outubro, sexta-feira<\/li>\n<p>&#13;<\/p>\n<li dir=\"ltr\"><strong>Hor\u00e1rio:<\/strong> das 18h30 \u00e0s 21h30<\/li>\n<p>&#13;<\/p>\n<li dir=\"ltr\"><strong>Onde:<\/strong> Livraria Leitura do Shopping P\u00e1tio Savassi (Avenida do Contorno, 6.061 &#8211; BH)<\/li>\n<p>&#13;\n<\/ul>\n<p dir=\"ltr\"><strong>Ficha t\u00e9cnica<\/strong><\/p>\n<ul>&#13;<\/p>\n<li dir=\"ltr\"><strong>Livro:<\/strong>\u00a0Unlock \u2013 Desbloqueie todo seu potencial<\/li>\n<p>&#13;<\/p>\n<li dir=\"ltr\"><strong>Autora:<\/strong> Sarah Zampier<\/li>\n<p>&#13;<\/p>\n<li dir=\"ltr\"><strong>Editora:<\/strong>\u00a0Viseu<\/li>\n<p>&#13;<\/p>\n<li dir=\"ltr\"><strong>P\u00e1ginas:<\/strong>\u00a0148<\/li>\n<p>&#13;<\/p>\n<li dir=\"ltr\"><strong>Pre\u00e7o:<\/strong>\u00a0R$ 50,90<\/li>\n<p>&#13;\n<\/ul>\n","protected":false},"excerpt":{"rendered":"Quantas pessoas passam pela vida sem exercer plenamente suas potencialidades? E quantas chegam ao fim frustradas por terem&hellip;\n","protected":false},"author":2,"featured_media":113613,"comment_status":"","ping_status":"","sticky":false,"template":"","format":"standard","meta":{"footnotes":""},"categories":[143],"tags":[26728,169,1403,114,115,271,170,32,26727,26729,33,117],"class_list":{"0":"post-113612","1":"post","2":"type-post","3":"status-publish","4":"format-standard","5":"has-post-thumbnail","7":"category-livros","8":"tag-autoconhecimento","9":"tag-books","10":"tag-comportamento","11":"tag-entertainment","12":"tag-entretenimento","13":"tag-lancamento","14":"tag-livros","15":"tag-portugal","16":"tag-potencial","17":"tag-proposito","18":"tag-pt","19":"tag-saude"},"share_on_mastodon":{"url":"","error":""},"_links":{"self":[{"href":"https:\/\/www.europesays.com\/pt\/wp-json\/wp\/v2\/posts\/113612","targetHints":{"allow":["GET"]}}],"collection":[{"href":"https:\/\/www.europesays.com\/pt\/wp-json\/wp\/v2\/posts"}],"about":[{"href":"https:\/\/www.europesays.com\/pt\/wp-json\/wp\/v2\/types\/post"}],"author":[{"embeddable":true,"href":"https:\/\/www.europesays.com\/pt\/wp-json\/wp\/v2\/users\/2"}],"replies":[{"embeddable":true,"href":"https:\/\/www.europesays.com\/pt\/wp-json\/wp\/v2\/comments?post=113612"}],"version-history":[{"count":0,"href":"https:\/\/www.europesays.com\/pt\/wp-json\/wp\/v2\/posts\/113612\/revisions"}],"wp:featuredmedia":[{"embeddable":true,"href":"https:\/\/www.europesays.com\/pt\/wp-json\/wp\/v2\/media\/113613"}],"wp:attachment":[{"href":"https:\/\/www.europesays.com\/pt\/wp-json\/wp\/v2\/media?parent=113612"}],"wp:term":[{"taxonomy":"category","embeddable":true,"href":"https:\/\/www.europesays.com\/pt\/wp-json\/wp\/v2\/categories?post=113612"},{"taxonomy":"post_tag","embeddable":true,"href":"https:\/\/www.europesays.com\/pt\/wp-json\/wp\/v2\/tags?post=113612"}],"curies":[{"name":"wp","href":"https:\/\/api.w.org\/{rel}","templated":true}]}}