{"id":113616,"date":"2025-10-16T19:19:12","date_gmt":"2025-10-16T19:19:12","guid":{"rendered":"https:\/\/www.europesays.com\/pt\/113616\/"},"modified":"2025-10-16T19:19:12","modified_gmt":"2025-10-16T19:19:12","slug":"nao-sabe-onde-deve-ir-votar-nas-eleicoes-do-benfica-estes-sao-os-locais","status":"publish","type":"post","link":"https:\/\/www.europesays.com\/pt\/113616\/","title":{"rendered":"N\u00e3o sabe onde deve ir votar nas elei\u00e7\u00f5es do Benfica? Estes s\u00e3o os locais"},"content":{"rendered":"<p>As elei\u00e7\u00f5es para a presid\u00eancia do Benfica decorrem dentro de 10 dias, no pr\u00f3ximo dia 25 de outubro, e os s\u00f3cios j\u00e1 sabem que s\u00f3 poder\u00e3o votar presencialmente, <a href=\"https:\/\/www.noticiasaominuto.com\/desporto\/2870688\/mag-do-benfica-anuncia-posicao-sobre-voto-eletronico-e-ordem-das-listas\" target=\"_blank\" rel=\"noreferrer noopener nofollow\">uma vez que a hip\u00f3tese de voto eletr\u00f3nico foi rejeitada<\/a>.<\/p>\n<p>Tal como informado h\u00e1 alguns dias pela Mesa da Assembleia Geral (MAG) do Benfica, as elei\u00e7\u00f5es ter\u00e3o 80 mesas de voto no continente, tr\u00eas nas regi\u00f5es aut\u00f3nomas dos A\u00e7ores e Madeira e 25 no estrangeiro.<\/p>\n<p>Na ter\u00e7a-feira, e atrav\u00e9s de comunicado oficial, a MAG deu a conhecer a lista completa de locais de voto. De Portugal ao estrangeiro, os s\u00f3cios v\u00e3o poder votar no pr\u00f3ximo presidente do clube encarnado.<\/p>\n<p>Em Portugal Continental, o principal local de voto ser\u00e1 o Est\u00e1dio da Luz, com as urnas distribu\u00eddas pelos Pavilh\u00f5es 1 e 2. Existir\u00e3o ainda mesas de voto nos 18 distritos portugueses. No estrangeiro, os s\u00f3cios poder\u00e3o votar, entre outros, no Brasil, nos Estados Unidos e em Angola.<\/p>\n<p>Concorrem \u00e0s elei\u00e7\u00f5es no clube lisboeta o atual presidente, Rui Costa (lista G), o ex-presidente Lu\u00eds Filipe Vieira (lista E), Jo\u00e3o Noronha Lopes (lista F), Jo\u00e3o Diogo Manteigas (lista C), Martim Mayer (lista B) e Crist\u00f3v\u00e3o Carvalho (lista D). Jo\u00e3o Dias Ferreira Leite concorre apenas \u00e0 Mesa da Assembleia Geral.<\/p>\n<p>Caso nenhum dos candidatos receba a maioria dos votos (50%) no ato eleitoral, ser\u00e1 realizada uma segunda volta entre os dois mais votados a 8 de novembro.<\/p>\n<p>Eis os locais onde v\u00e3o estar as mesas de voto:<\/p>\n<p>Se\u00e7\u00f5es de voto em Portugal Continental<\/p>\n<p>Lisboa:<br \/>Sede do SLB, Est\u00e1dio da Luz \u2013 Pavilh\u00f5es 1 e 2<\/p>\n<p>Distrito de Aveiro:<br \/>Anadia (Casa do Benfica na Bairrada)<br \/>Aveiro (Rua do Reposo, n.\u00ba7)<br \/>Oliveira de Azem\u00e9is (Casa do Benfica)<br \/>S. Jo\u00e3o da Madeira (Casa do Benfica)<br \/>Santa Maria da Feira (Rua Dr. Vitorino de S\u00e1, n.\u00ba43)<\/p>\n<p>Distrito de Beja:<br \/>Almod\u00f4var (Casa do Benfica)<br \/>Beja (Casa do Benfica)<br \/>Odemira (Clube Fluvial Odemirense)<br \/>Moura (Casa do Benfica)<\/p>\n<p>Distrito de Braga:<br \/>Barcelos (Casa do Benfica)<br \/>Braga (Casa do Benfica)<br \/>Fafe (Casa do Benfica)<br \/>Vila Nova de Famalic\u00e3o (Casa do Benfica)<\/p>\n<p>Distrito de Bragan\u00e7a:<br \/>Bragan\u00e7a (Uni\u00e3o de Freguesias)<br \/>Mirandela (Bombeiros Volunt\u00e1rios)<\/p>\n<p>Distrito de Castelo Branco:<br \/>Castelo Branco (Casa do Benfica)<br \/>Covilh\u00e3 (Casa do Benfica)<br \/>Proen\u00e7a-a-Nova (Casa do Benfica)<\/p>\n<p>Distrito de Coimbra:<br \/>Arganil (Casa do Benfica)<br \/>Cantanhede (Associa\u00e7\u00e3o de Benfiquistas)<br \/>Coimbra (Casa do Benfica)<br \/>Figueira da Foz (Casa do Benfica)<br \/>Oliveira do Hospital (Bombeiros Volunt\u00e1rios Oliveira do Hospital)<\/p>\n<p>Distrito de \u00c9vora:<br \/>\u00c9vora (Casa do Benfica)<br \/>Vendas Novas (Casa do Benfica)<\/p>\n<p>Distrito de Faro:<br \/>Albufeira (Casa do Benfica)<br \/>Faro (Casa do Benfica)<br \/>Lagos (Casa do Benfica)<br \/>Quarteira (Casa do Benfica)<br \/>Vila Real de Santo Ant\u00f3nio (Casa do Benfica)<\/p>\n<p>Distrito de Guarda:<br \/>Guarda (Casa do Benfica)<br \/>Vila Nova de Foz C\u00f4a (Casa do Benfica)<\/p>\n<p>Distrito de Leiria:<br \/>Alcoba\u00e7a (Panorama &#8211; Pavilh\u00e3o Multiusos)<br \/>Caldas da Rainha (Casa do Benfica)<br \/>Leiria (Casa do Benfica)<br \/>Peniche (Casa do Benfica)<br \/>Pombal (Casa do Benfica)<\/p>\n<p>Distrito de Lisboa:<br \/>Agualva-Cac\u00e9m (Bombeiros Volunt\u00e1rios de Agualva)<br \/>Algueir\u00e3o-Mem Martins (Casa do Benfica)<br \/>Amadora (Bombeiros Volunt\u00e1rios da Amadora)<br \/>Carcavelos (Clube Desportivo do Arneiro)<br \/>Loures (Mercado Municipal de Loures)<br \/>Mafra (Hotel Castel\u00e3o)<br \/>Odivelas (Audit\u00f3rio do Pavilh\u00e3o Multiusos de Odivelas)<br \/>Pa\u00e7o de Arcos (Bombeiros Volunt\u00e1rios de Pa\u00e7o de Arcos)<br \/>Torres Vedras (Rua Teresa de Jesus Pereira, n.\u00ba19)<br \/>Vila Franca de Xira (Casa do Benfica)<\/p>\n<p>Distrito de Portalegre:<br \/>Avis (Casa do Benfica)<br \/>Elvas (Casa do Benfica)<br \/>Portalegre (Largo Professor Jaime Bel\u00e9m, n.\u00ba 15)<\/p>\n<p>Distrito de Porto:<br \/>Gondomar (Casa do Benfica)<br \/>Maia (Bombeiros Volunt\u00e1rios Pedrou\u00e7os)<br \/>Matosinhos (Casa do Benfica)<br \/>Paredes (Casa do Benfica)<br \/>Porto (Casa do Benfica)<br \/>Santo Tirso (Casa do Benfica)<br \/>Vila Nova de Gaia (Casa do Benfica)<\/p>\n<p>Distrito de Santar\u00e9m:<br \/>Abrantes (Casa do Benfica)<br \/>Santar\u00e9m (Casa do Benfica)<br \/>Tomar (Casa do Benfica)<br \/>Torres Novas (Casa do Benfica)<\/p>\n<p>Distrito de Set\u00fabal:<br \/>Almada (Casa do Benfica)<br \/>Barreiro (Associa\u00e7\u00e3o de Fuzileiros do Barreiro)<br \/>Charneca de Caparica (Casa do Benfica)<br \/>Gr\u00e2ndola (Casa do Benfica)<br \/>Moita (Bombeiros Volunt\u00e1rios da Moita)<br \/>Montijo (Bombeiros Volunt\u00e1rios do Montijo)<br \/>Palmela (Bombeiros Volunt\u00e1rios de Palmela)<br \/>Quinta do Conde (Casa do Benfica)<br \/>Seixal (Casa do Benfica)<br \/>Set\u00fabal (Mercado do Livramento)<br \/>Sines (Casa do Benfica)<\/p>\n<p>Distrito de Viana do Castelo:<br \/>Viana do Castelo (Casa do Benfica)<\/p>\n<p>Distrito de Vila Real:<br \/>Chaves (Hotel Casino)<br \/>Vila Real (Sport Vila Real ALBU-e Benfica)<\/p>\n<p>Distrito de Viseu:<br \/>Lamego (Casa do Benfica)<br \/>Santa Comba D\u00e3o (Casa do Benfica)<br \/>Viseu (Casa do Benfica)<\/p>\n<p>Se\u00e7\u00f5es de voto nas Regi\u00f5es Aut\u00f3nomas<\/p>\n<p>Madeira:<br \/>Funchal (Hotel Melia Madeira Mare)<\/p>\n<p>A\u00e7ores:<br \/>S\u00e3o Miguel (Grande Hotel A\u00e7ores Atl\u00e2ntico)<br \/>Terceira (Casa do Benfica)<\/p>\n<p>Se\u00e7\u00f5es de voto no estrangeiro<\/p>\n<p>Alemanha:<br \/>Berlim (Hotel Sheraton Berlin)<br \/>Estugarda (Radisson Blu Hotel Porsche Design Tower)<br \/>Gross Umstadt (Casa do Benfica)<br \/>Hamburgo (Hotel Le Meridien)<\/p>\n<p>B\u00e9lgica:<br \/>Bruxelas (Casa do Benfica)<\/p>\n<p>Espanha:<br \/>Barcelona (Hotel Four Points by Sheraton)<br \/>Madrid (Hotel Crowne Plaza Retiro)<\/p>\n<p>Fran\u00e7a:<br \/>Marselha (Hotel Mercure Marseille Centre Vieux-Port)<br \/>Paris (Novotel Gare de Lyon)<br \/>Tourcoing (Casa do Benfica)<\/p>\n<p>Pa\u00edses Baixos:<br \/>Amesterd\u00e3o (Hotel Hilton)<\/p>\n<p>Luxemburgo:<br \/>Hall Omnisports Hamm<\/p>\n<p>Reino Unido:<br \/>Londres (Casa do Benfica)<\/p>\n<p>Su\u00ed\u00e7a:<br \/>Genebra (Casa do Benfica) e Zurique (Casa do Benfica)<\/p>\n<p>Angola:<br \/>Luanda (Hotel Epic Sana)<\/p>\n<p>Brasil:<br \/>Rio de Janeiro (Hotel Vila Gal\u00e9)<br \/>S\u00e3o Paulo (Hotel INNSIDE by Meli\u00e1)<\/p>\n<p>Cabo Verde:<br \/>Cidade da Praia (Casa do Benfica)<\/p>\n<p>Canad\u00e1:<br \/>Montreal (Sport Montreal e Benfica)<br \/>Toronto (Casa do Benfica)<\/p>\n<p>Estados Unidos:<br \/>Newark (Sport Newark e Benfica)<br \/>New Bedford (Casa do Benfica)<br \/>San Jos\u00e9 (Casa do Benfica)<\/p>\n<p>Mo\u00e7ambique:<br \/>Maputo (Hotel Melia Sky)<\/p>\n<p>Leia Tamb\u00e9m: <a href=\"https:\/\/www.noticiasaominuto.com\/desporto\/2870688\/mag-do-benfica-anuncia-posicao-sobre-voto-eletronico-e-ordem-das-listas\" target=\"_blank\" rel=\"noreferrer noopener nofollow\">MAG do Benfica anuncia posi\u00e7\u00e3o sobre voto eletr\u00f3nico e ordem das listas<\/a><\/p>\n","protected":false},"excerpt":{"rendered":"As elei\u00e7\u00f5es para a presid\u00eancia do Benfica decorrem dentro de 10 dias, no pr\u00f3ximo dia 25 de outubro,&hellip;\n","protected":false},"author":2,"featured_media":113617,"comment_status":"","ping_status":"","sticky":false,"template":"","format":"standard","meta":{"footnotes":""},"categories":[87],"tags":[135,32,33,134],"class_list":{"0":"post-113616","1":"post","2":"type-post","3":"status-publish","4":"format-standard","5":"has-post-thumbnail","7":"category-desporto","8":"tag-desporto","9":"tag-portugal","10":"tag-pt","11":"tag-sports"},"share_on_mastodon":{"url":"","error":""},"_links":{"self":[{"href":"https:\/\/www.europesays.com\/pt\/wp-json\/wp\/v2\/posts\/113616","targetHints":{"allow":["GET"]}}],"collection":[{"href":"https:\/\/www.europesays.com\/pt\/wp-json\/wp\/v2\/posts"}],"about":[{"href":"https:\/\/www.europesays.com\/pt\/wp-json\/wp\/v2\/types\/post"}],"author":[{"embeddable":true,"href":"https:\/\/www.europesays.com\/pt\/wp-json\/wp\/v2\/users\/2"}],"replies":[{"embeddable":true,"href":"https:\/\/www.europesays.com\/pt\/wp-json\/wp\/v2\/comments?post=113616"}],"version-history":[{"count":0,"href":"https:\/\/www.europesays.com\/pt\/wp-json\/wp\/v2\/posts\/113616\/revisions"}],"wp:featuredmedia":[{"embeddable":true,"href":"https:\/\/www.europesays.com\/pt\/wp-json\/wp\/v2\/media\/113617"}],"wp:attachment":[{"href":"https:\/\/www.europesays.com\/pt\/wp-json\/wp\/v2\/media?parent=113616"}],"wp:term":[{"taxonomy":"category","embeddable":true,"href":"https:\/\/www.europesays.com\/pt\/wp-json\/wp\/v2\/categories?post=113616"},{"taxonomy":"post_tag","embeddable":true,"href":"https:\/\/www.europesays.com\/pt\/wp-json\/wp\/v2\/tags?post=113616"}],"curies":[{"name":"wp","href":"https:\/\/api.w.org\/{rel}","templated":true}]}}