{"id":113618,"date":"2025-10-16T19:20:09","date_gmt":"2025-10-16T19:20:09","guid":{"rendered":"https:\/\/www.europesays.com\/pt\/113618\/"},"modified":"2025-10-16T19:20:09","modified_gmt":"2025-10-16T19:20:09","slug":"estado-do-rio-tem-a-maior-incidencia-de-sifilis-em-gestantes-do-pais-segundo-ministerio-da-saude","status":"publish","type":"post","link":"https:\/\/www.europesays.com\/pt\/113618\/","title":{"rendered":"Estado do Rio tem a maior incid\u00eancia de s\u00edfilis em gestantes do pa\u00eds, segundo Minist\u00e9rio da Sa\u00fade"},"content":{"rendered":"\n<p class=\" content-text__container theme-color-primary-first-letter\" data-track-category=\"Link no Texto\" data-track-links=\"\"> O estado do Rio de Janeiro registrou a maior incid\u00eancia de <a class=\"\" href=\"https:\/\/oglobo.globo.com\/tudo-sobre\/assunto\/sifilis\" rel=\"nofollow noopener\" target=\"_blank\">s\u00edfilis<\/a> em gestante do pa\u00eds no \u00faltimo ano, com 68,3 casos a cada mil gestantes, segundo o Minist\u00e9rio da Sa\u00fade. Tocantins, por sua vez, apresentou a maior incid\u00eancia de casos de s\u00edfilis cong\u00eanita \u2014 infec\u00e7\u00e3o transmitida da m\u00e3e para o beb\u00ea. Quanto \u00e0 s\u00edfilis adquirida, o Esp\u00edrito Santo apresentou a taxa de detec\u00e7\u00e3o da doen\u00e7a mais elevada do pa\u00eds: 212,5 casos por 100 mil habitantes. <\/p>\n<p class=\" content-text__container \" data-track-category=\"Link no Texto\" data-track-links=\"\"> Os dados foram divulgados na edi\u00e7\u00e3o deste ano do Boletim Epidemiol\u00f3gico da Secretaria de Vigil\u00e2ncia em Sa\u00fade e Ambiente (SVSA), baseados em notifica\u00e7\u00f5es realizadas at\u00e9 30 de junho de 2025. <\/p>\n<p class=\" content-text__container \" data-track-category=\"Link no Texto\" data-track-links=\"\"> \u201cA s\u00edfilis \u00e9 uma infec\u00e7\u00e3o preven\u00edvel, trat\u00e1vel e cur\u00e1vel. O desafio \u00e9 garantir o diagn\u00f3stico precoce e o tratamento oportuno, especialmente entre gestantes durante o pr\u00e9-natal. Os dados mostram que estamos avan\u00e7ando e que o trabalho conjunto est\u00e1 salvando vidas\u201d, afirma P\u00e2mela Cristina Gaspar, coordenadora-geral de Vigil\u00e2ncia das Infec\u00e7\u00f5es Sexualmente Transmiss\u00edveis do Minist\u00e9rio da Sa\u00fade, em comunicado. <\/p>\n<p>Como ocorre a infec\u00e7\u00e3o por s\u00edfilis?<\/p>\n<p class=\" content-text__container \" data-track-category=\"Link no Texto\" data-track-links=\"\"> A doen\u00e7a \u00e9 uma infec\u00e7\u00e3o sexualmente transmiss\u00edvel (IST) causada pela bact\u00e9ria Treponema pallidum. Em seu est\u00e1gio prim\u00e1rio, ela causa les\u00f5es no local onde ocorreu a infec\u00e7\u00e3o, como p\u00eanis, vulva, l\u00e1bios e boca. Quando ocorre em uma mulher gr\u00e1vida, passa a se chamar de s\u00edfilis em gestante. Em outros casos, se chama s\u00edfilis adquirida. Outra maneira conhecida de transmiss\u00e3o \u00e9 de m\u00e3e para beb\u00ea, chamada de s\u00edfilis cong\u00eanita. <\/p>\n<p class=\" content-text__container \" data-track-category=\"Link no Texto\" data-track-links=\"\"> Nos \u00faltimos 15 anos, o Brasil registrou 1.902.301 casos de <strong>s\u00edfilis adquirida<\/strong>. O n\u00famero de casos mostrou estabilidade, com exce\u00e7\u00e3o das regi\u00f5es do Nordeste e Sudeste, que apresentaram aumentos nos \u00faltimos dois anos de 3,6% e 7,6%, respectivamente. O documento tamb\u00e9m aponta que existe uma concentra\u00e7\u00e3o persistente dessa varia\u00e7\u00e3o da doen\u00e7a na regi\u00e3o Sul, especialmente no estado de Santa Catarina, ao longo da s\u00e9rie hist\u00f3rica. <\/p>\n<p class=\" content-text__container \" data-track-category=\"Link no Texto\" data-track-links=\"\"> A popula\u00e7\u00e3o mais afetada foi a que est\u00e1 entre 30 e 39 anos, cuja taxa passou de 172,1 para 184,6 por 100 mil habitantes. O n\u00famero de casos de s\u00edfilis em adolescentes do sexo feminino foi maior do que no masculino, sendo sete homens com s\u00edfilis para cada dez mulheres com s\u00edfilis em 2024. Mas, para aqueles entre 30 e 39 anos, a rela\u00e7\u00e3o \u00e9 de 17 homens com s\u00edfilis para cada dez mulheres. <\/p>\n<p class=\" content-text__container \" data-track-category=\"Link no Texto\" data-track-links=\"\"> Quanto \u00e0 s\u00edfilis em gestantes, foram registrados 810.246 em 20 anos. Quase metade das gestantes (47,5%) infectadas estava localizada na regi\u00e3o Sudeste. Mais da metade dos casos (60,1%) eram de mulheres na faixa de 20 a 29 anos. <\/p>\n<p class=\" content-text__container \" data-track-category=\"Link no Texto\" data-track-links=\"\"> Dentro do estado do Rio \u2014 com maior \u00edndice da doen\u00e7a entre as gestantes a n\u00edvel nacional \u2014, se destaca a cidade do Rio de Janeiro, que, em 2024, tinha mais de nove m\u00e3es diagnosticadas com s\u00edfilis a cada 100 nascidos vivos. <\/p>\n<p class=\" content-text__container \" data-track-category=\"Link no Texto\" data-track-links=\"\"> Os dados mostram que o percentual de gestantes diagnosticadas mais cedo aumentou, especialmente no primeiro trimestre, passando de 28,9% em 2014 para 49,3% em 2024. O que significa que podem iniciar o tratamento e se prevenir contra a transmiss\u00e3o vertical, respons\u00e1vel por passar a infec\u00e7\u00e3o para o beb\u00ea. <\/p>\n<p class=\" content-text__container \" data-track-category=\"Link no Texto\" data-track-links=\"\"> &#8220;O tratamento materno, quando realizado de forma adequada, \u00e9 fundamental para prevenir a s\u00edfilis cong\u00eanita. Esse tratamento envolve o uso da penicilina G benzatina, iniciado at\u00e9 30 dias antes do parto&#8221;, diz o boletim. <\/p>\n<p class=\" content-text__container \" data-track-category=\"Link no Texto\" data-track-links=\"\"> Contudo, no ano passado, mais de 80% das m\u00e3es de crian\u00e7as com s\u00edfilis cong\u00eanita n\u00e3o passaram por tratamento para controlar a doen\u00e7a ainda na gesta\u00e7\u00e3o, o que, como consequ\u00eancia, levou \u00e0 infec\u00e7\u00e3o do beb\u00ea. <\/p>\n<p class=\" content-text__container \" data-track-category=\"Link no Texto\" data-track-links=\"\"> Foram notificados 369.468 casos de s\u00edfilis cong\u00eanita em menores de 1 ano de idade nos \u00faltimos 26 anos. Deles, 43,7% eram do Sudeste. Por outro lado, segundo o boletim, a doen\u00e7a mostrou uma redu\u00e7\u00e3o de mais de 500 casos no pa\u00eds em rela\u00e7\u00e3o a 2023. <\/p>\n<p class=\" content-text__container \" data-track-category=\"Link no Texto\" data-track-links=\"\"> De 1998 at\u00e9 o momento, 3.739 menores de 1 ano tiveram s\u00edfilis cong\u00eanita como causa de morte. Sendo 41,8% deles tamb\u00e9m na regi\u00e3o Sudeste. <\/p>\n","protected":false},"excerpt":{"rendered":"O estado do Rio de Janeiro registrou a maior incid\u00eancia de s\u00edfilis em gestante do pa\u00eds no \u00faltimo&hellip;\n","protected":false},"author":2,"featured_media":113619,"comment_status":"","ping_status":"","sticky":false,"template":"","format":"standard","meta":{"footnotes":""},"categories":[86],"tags":[116,32,33,117,18930],"class_list":{"0":"post-113618","1":"post","2":"type-post","3":"status-publish","4":"format-standard","5":"has-post-thumbnail","7":"category-saude","8":"tag-health","9":"tag-portugal","10":"tag-pt","11":"tag-saude","12":"tag-sifilis"},"share_on_mastodon":{"url":"","error":""},"_links":{"self":[{"href":"https:\/\/www.europesays.com\/pt\/wp-json\/wp\/v2\/posts\/113618","targetHints":{"allow":["GET"]}}],"collection":[{"href":"https:\/\/www.europesays.com\/pt\/wp-json\/wp\/v2\/posts"}],"about":[{"href":"https:\/\/www.europesays.com\/pt\/wp-json\/wp\/v2\/types\/post"}],"author":[{"embeddable":true,"href":"https:\/\/www.europesays.com\/pt\/wp-json\/wp\/v2\/users\/2"}],"replies":[{"embeddable":true,"href":"https:\/\/www.europesays.com\/pt\/wp-json\/wp\/v2\/comments?post=113618"}],"version-history":[{"count":0,"href":"https:\/\/www.europesays.com\/pt\/wp-json\/wp\/v2\/posts\/113618\/revisions"}],"wp:featuredmedia":[{"embeddable":true,"href":"https:\/\/www.europesays.com\/pt\/wp-json\/wp\/v2\/media\/113619"}],"wp:attachment":[{"href":"https:\/\/www.europesays.com\/pt\/wp-json\/wp\/v2\/media?parent=113618"}],"wp:term":[{"taxonomy":"category","embeddable":true,"href":"https:\/\/www.europesays.com\/pt\/wp-json\/wp\/v2\/categories?post=113618"},{"taxonomy":"post_tag","embeddable":true,"href":"https:\/\/www.europesays.com\/pt\/wp-json\/wp\/v2\/tags?post=113618"}],"curies":[{"name":"wp","href":"https:\/\/api.w.org\/{rel}","templated":true}]}}