{"id":113622,"date":"2025-10-16T19:27:10","date_gmt":"2025-10-16T19:27:10","guid":{"rendered":"https:\/\/www.europesays.com\/pt\/113622\/"},"modified":"2025-10-16T19:27:10","modified_gmt":"2025-10-16T19:27:10","slug":"quem-e-a-atriz-de-vai-na-fe-que-retorna-em-dona-de-mim-para-mudar-a-vida-de-ryan","status":"publish","type":"post","link":"https:\/\/www.europesays.com\/pt\/113622\/","title":{"rendered":"Quem \u00e9 a atriz de Vai na F\u00e9 que retorna em Dona de Mim para mudar a vida de Ryan"},"content":{"rendered":"<p>                        <img width=\"944\" height=\"531\" src=\"https:\/\/www.europesays.com\/pt\/wp-content\/uploads\/2025\/10\/Quem-e-a-atriz-de-Vai-na-Fe-que-retorna-em-Dona-de-Mim-para-mudar-a-vida-de-Ryan-5-944x531.jpg\" class=\"attachment-custom-large size-custom-large article-featured-image\" alt=\"Quem \u00e9 a atriz de Vai na F\u00e9 que retorna em Dona de Mim para mudar a vida de Ryan\" fetchpriority=\"high\" decoding=\"async\"  \/><\/p>\n<p>Azzy vai interpretar ela mesma em Dona de Mim (Foto: Redes sociais, Reprodu\u00e7\u00e3o)<\/p>\n<p>A rapper Azzy que participou de Vai na F\u00e9 (2023) retorna \u00e0s telas da Globo, inperpretando ela mesma. Dessa vez, a cantora e atriz participar\u00e1 de Dona de Mim. Na trama, Azzy vai virar do avesso a vida de Ryan (L7NNON), mas tamb\u00e9m vai ajudar o jovem.<\/p>\n<p>Continua depois da publicidade<\/p>\n<p>Azzy despertar\u00e1 o interesse do m\u00fasico, o que afetar\u00e1 diretamente sua rela\u00e7\u00e3o com Kami (Giovanna Lancellotti).<\/p>\n<p>A apari\u00e7\u00e3o da artista acontecer\u00e1 quando ela chegar a S\u00e3o Crist\u00f3v\u00e3o em busca de Ryan. A cantora j\u00e1 ter\u00e1 ouvido falar do talento do rapaz, conhecido no bairro como o rei da Batalha da Cria\u00e7\u00e3o. Ao encontr\u00e1-lo, ela o convidar\u00e1 para participar de um videoclipe que ser\u00e1 gravado ali mesmo.<\/p>\n<p>Durante as filmagens, a parceria entre os dois ganhar\u00e1 um tom de provoca\u00e7\u00e3o. O clima de descontra\u00e7\u00e3o se transformar\u00e1 em flerte, e Azzy acabar\u00e1 surpreendendo o m\u00fasico com um beijo em cena.<\/p>\n<p>Continua depois da publicidade<\/p>\n<p>O momento chamar\u00e1 aten\u00e7\u00e3o e ser\u00e1 acompanhado \u00e0 dist\u00e2ncia por Kami, que assistir\u00e1 \u00e0 grava\u00e7\u00e3o e reagir\u00e1 com inc\u00f4modo diante da aproxima\u00e7\u00e3o entre o ex-namorado e a artista.<\/p>\n<p>Quem \u00e9 Azzy, rapper que vai entrar em Dona de MIM<\/p>\n<p>Azzy (Isabela Oliveira da Silva), 24, \u00e9 uma rapper, cantora e atriz brasileira de S\u00e3o Gon\u00e7alo, Rio de Janeiro, conhecida por misturar narrativas pessoais e quest\u00f5es sociais em suas letras, especialmente sobre protagonismo feminino no rap. Ela ganhou proje\u00e7\u00e3o nacional ao interpretar a personagem Ivy na novela Vai na F\u00e9 da TV Globo.<\/p>\n<p>Azzy \u00e9 uma das vozes mais relevantes do rap e do trap nacional, com milh\u00f5es de streams em seus trabalhos.\u00a0Seu estilo \u00e9 caracterizado por batidas densas e um flow firme.\u00a0<\/p>\n<p>Continua depois da publicidade<\/p>\n<p>Suas m\u00fasicas abordam experi\u00eancias pessoais e temas como o protagonismo feminino, a supera\u00e7\u00e3o de desafios e a import\u00e2ncia da representatividade.\u00a0Azzy tamb\u00e9m se declara bissexual e aborda essa viv\u00eancia em suas letras.\u00a0<\/p>\n<p>1<\/p>\n<p>VoltarAvan\u00e7ar<\/p>\n<p><img loading=\"lazy\" decoding=\"async\" width=\"1200\" height=\"675\" data-id=\"7690071\" src=\"https:\/\/www.europesays.com\/pt\/wp-content\/uploads\/2025\/10\/Quem-e-a-atriz-de-Vai-na-Fe-que-retorna-em-Dona-de-Mim-para-mudar-a-vida-de-Ryan-4.jpg\" alt=\"\" class=\"wp-image-7690071\"  \/><\/p>\n<p>Azzy tem 24 anos (Foto: Redes sociais, Reprodu\u00e7\u00e3o)<\/p>\n<p><img loading=\"lazy\" decoding=\"async\" width=\"1200\" height=\"675\" data-id=\"7690070\" src=\"https:\/\/www.europesays.com\/pt\/wp-content\/uploads\/2025\/10\/Quem-e-a-atriz-de-Vai-na-Fe-que-retorna-em-Dona-de-Mim-para-mudar-a-vida-de-Ryan-3.jpg\" alt=\"\" class=\"wp-image-7690070\"  \/><\/p>\n<p>Ela atuou em Vai na F\u00e9 (Foto: Redes sociais, Reprodu\u00e7\u00e3o)<\/p>\n<p><img loading=\"lazy\" decoding=\"async\" width=\"1200\" height=\"675\" data-id=\"7690073\" src=\"https:\/\/www.europesays.com\/pt\/wp-content\/uploads\/2025\/10\/Quem-e-a-atriz-de-Vai-na-Fe-que-retorna-em-Dona-de-Mim-para-mudar-a-vida-de-Ryan-2.jpg\" alt=\"\" class=\"wp-image-7690073\"  \/><\/p>\n<p>Azzy \u00e9 uma rapper (Foto: Redes sociais, Reprodu\u00e7\u00e3o)<\/p>\n<p><img loading=\"lazy\" decoding=\"async\" width=\"1200\" height=\"675\" data-id=\"7690072\" src=\"https:\/\/www.europesays.com\/pt\/wp-content\/uploads\/2025\/10\/Quem-e-a-atriz-de-Vai-na-Fe-que-retorna-em-Dona-de-Mim-para-mudar-a-vida-de-Ryan-1.jpg\" alt=\"\" class=\"wp-image-7690072\"  \/><\/p>\n<p>Ela \u00e9 uma das vozes mais relevantes do trap nacional (Foto: Redes sociais, Reprodu\u00e7\u00e3o)<\/p>\n<p><img loading=\"lazy\" decoding=\"async\" width=\"1200\" height=\"675\" data-id=\"7690069\" src=\"https:\/\/www.europesays.com\/pt\/wp-content\/uploads\/2025\/10\/Quem-e-a-atriz-de-Vai-na-Fe-que-retorna-em-Dona-de-Mim-para-mudar-a-vida-de-Ryan.jpg\" alt=\"\" class=\"wp-image-7690069\"  \/><\/p>\n<p>Seu estilo \u00e9 caracterizado por batidas densas e um flow firme (Foto: Redes sociais, Reprodu\u00e7\u00e3o)<\/p>\n<p>*Sob supervis\u00e3o de Pablo Brito<\/p>\n<p>Leia tamb\u00e9m sobre:\u00a0<a href=\"https:\/\/www.nsctotal.com.br\/noticias\/o-que-se-sabe-sobre-o-filme-antartida-da-globoplay-inspirado-em-fatos-reais\" target=\"_blank\" rel=\"noreferrer noopener nofollow\"><strong>O que se sabe sobre o filme \u201cAnt\u00e1rtida\u201d da Globoplay inspirado em fatos reais<\/strong><\/a>\u00a0e\u00a0<a href=\"https:\/\/www.nsctotal.com.br\/noticias\/entenda-o-verdadeiro-motivo-do-sangue-encontrado-na-roupa-de-celina-em-vale-tudo\" target=\"_blank\" rel=\"noreferrer noopener nofollow\"><strong>Entenda o verdadeiro motivo do sangue encontrado na roupa de Celina em Vale Tudo<\/strong><\/a>.<\/p>\n<p>Continua depois da publicidade<\/p>\n","protected":false},"excerpt":{"rendered":"Azzy vai interpretar ela mesma em Dona de Mim (Foto: Redes sociais, Reprodu\u00e7\u00e3o) A rapper Azzy que participou&hellip;\n","protected":false},"author":2,"featured_media":113623,"comment_status":"","ping_status":"","sticky":false,"template":"","format":"standard","meta":{"footnotes":""},"categories":[145],"tags":[211,210,114,115,32,33,794],"class_list":{"0":"post-113622","1":"post","2":"type-post","3":"status-publish","4":"format-standard","5":"has-post-thumbnail","7":"category-celebridades","8":"tag-celebridades","9":"tag-celebrities","10":"tag-entertainment","11":"tag-entretenimento","12":"tag-portugal","13":"tag-pt","14":"tag-voce-viu"},"share_on_mastodon":{"url":"","error":""},"_links":{"self":[{"href":"https:\/\/www.europesays.com\/pt\/wp-json\/wp\/v2\/posts\/113622","targetHints":{"allow":["GET"]}}],"collection":[{"href":"https:\/\/www.europesays.com\/pt\/wp-json\/wp\/v2\/posts"}],"about":[{"href":"https:\/\/www.europesays.com\/pt\/wp-json\/wp\/v2\/types\/post"}],"author":[{"embeddable":true,"href":"https:\/\/www.europesays.com\/pt\/wp-json\/wp\/v2\/users\/2"}],"replies":[{"embeddable":true,"href":"https:\/\/www.europesays.com\/pt\/wp-json\/wp\/v2\/comments?post=113622"}],"version-history":[{"count":0,"href":"https:\/\/www.europesays.com\/pt\/wp-json\/wp\/v2\/posts\/113622\/revisions"}],"wp:featuredmedia":[{"embeddable":true,"href":"https:\/\/www.europesays.com\/pt\/wp-json\/wp\/v2\/media\/113623"}],"wp:attachment":[{"href":"https:\/\/www.europesays.com\/pt\/wp-json\/wp\/v2\/media?parent=113622"}],"wp:term":[{"taxonomy":"category","embeddable":true,"href":"https:\/\/www.europesays.com\/pt\/wp-json\/wp\/v2\/categories?post=113622"},{"taxonomy":"post_tag","embeddable":true,"href":"https:\/\/www.europesays.com\/pt\/wp-json\/wp\/v2\/tags?post=113622"}],"curies":[{"name":"wp","href":"https:\/\/api.w.org\/{rel}","templated":true}]}}