{"id":113632,"date":"2025-10-16T19:38:17","date_gmt":"2025-10-16T19:38:17","guid":{"rendered":"https:\/\/www.europesays.com\/pt\/113632\/"},"modified":"2025-10-16T19:38:17","modified_gmt":"2025-10-16T19:38:17","slug":"trump-e-putin-vao-voltar-a-encontrar-se-o-local-e-o-pais-do-maior-aliado-da-russia-na-ue","status":"publish","type":"post","link":"https:\/\/www.europesays.com\/pt\/113632\/","title":{"rendered":"Trump e Putin v\u00e3o voltar a encontrar-se. O local \u00e9 o pa\u00eds do maior aliado da R\u00fassia na UE"},"content":{"rendered":"<p>\t                Sobre a chamada desta quinta-feira em concreto, Donald Trump escreveu que esta foi &#8220;muito produtiva&#8221;, com Putin a congratular o hom\u00f3logo americano pelo acordo de paz no M\u00e9dio Oriente<\/p>\n<p style=\"margin-bottom:11px\">A Casa Branca avan\u00e7ou a hip\u00f3tese, o Kremlin deu uma certeza e depois Donald Trump confirmou. Depois de mais de duas horas de conversa entre os presidentes de Estados Unidos e R\u00fassia, h\u00e1 conversas sobre um novo encontro.<\/p>\n<p>De acordo com o pr\u00f3prio chefe de Estado americano, Donald Trump e Vladimir Putin v\u00e3o encontrar-se na capital da Hungria, Budapeste, num pa\u00eds liderado por Viktor \u00d3rban, o mais pr\u00f3ximo aliado de Moscovo dentro da Uni\u00e3o Europeia. Trump n\u00e3o especificou quando vai ocorrer este encontro.<\/p>\n<p>Antes disso, e conforme avan\u00e7ou o presidente norte-americano na sua Truth Social, haver\u00e1 uma reuni\u00e3o ao mais alto n\u00edvel entre os conselheiros de ambos os lados, com o secret\u00e1rio de Estado Marco Rubio a marcar presen\u00e7a nos primeiros encontros.<\/p>\n<p>Sobre a chamada desta quinta-feira em concreto, Donald Trump escreveu que esta foi &#8220;muito produtiva&#8221;, com Putin a congratular o hom\u00f3logo americano pelo acordo de paz no M\u00e9dio Oriente.<\/p>\n<p>&#8220;Na verdade, acredito que o sucesso no M\u00e9dio Oriente vai ajudar nas nossas negocia\u00e7\u00f5es para p\u00f4r fim \u00e0 guerra entre a R\u00fassia e a Ucr\u00e2nia. O presidente Putin agradeceu \u00e0 primeira-dama, Melania, pelo seu envolvimento com as crian\u00e7as. Ele ficou muito agradecido e disse que isso vai continuar&#8221;, disse o l\u00edder americano.<\/p>\n<p>Trump referiu tamb\u00e9m que vai falar sobre a conversa com o presidente russo com o chefe de Estado ucraniano, Volodymyr Zelensky, que vai a Washington DC esta sexta-feira.<\/p>\n<p>&#8220;Acredito que foi feito um grande progresso com a conversa telef\u00f3nica de hoje&#8221;, concluiu Trump.<\/p>\n<p>Do lado russo, o enviado especial de Putin, Kirill Dmitriev, afirmou que a chamada foi &#8220;positiva, produtiva e estabeleceu claramente os pr\u00f3ximos passos&#8221;.<\/p>\n<p>Mais tarde, o conselheiro do presidente Yuri Ushakov disse que os dois pa\u00edses come\u00e7aram &#8220;imediatamente&#8221; a prepararem-se para o encontro entre os dois l\u00edderes.<\/p>\n<p>&#8220;Os presidentes discutiram a possibilidade de realizar outra reuni\u00e3o pessoal. Este \u00e9 realmente um ponto muito importante. Foi acordado que os representantes dos dois pa\u00edses tratar\u00e3o imediatamente da prepara\u00e7\u00e3o da reuni\u00e3o, que pode ser organizada, por exemplo, em Budapeste&#8221;, disse Ushakov, citado pela Tass.<\/p>\n<p>Ushakov referiu que Trump sugeriu a cidade de Budapeste e Putin &#8220;aceitou imediatamente&#8221;.<\/p>\n<p>Esta foi a oitava chamada entre Donald Trump e Vladimir Putin desde que o presidente dos EUA tomou posse para um segundo mandato. A primeira conversa entre ambos ocorreu a 12 de fevereiro, seguida por outra a 18 de mar\u00e7o.\u00a0<\/p>\n<p>Logo a seguir \u00e0s negocia\u00e7\u00f5es diretas entre equipas russas e ucranianas na Turquia, os dois presidentes falaram a 19 de maio e 4 de junho. Dez dias depois, 14 de junho, Trump ligou a Putin para lhe dar os parab\u00e9ns, numa chamada em que abordaram tamb\u00e9m o conflito no M\u00e9dio Oriente.<\/p>\n<p>O contacto mais relevante entre os dois l\u00edderes ocorreu a 15 de agosto em Anchorage, no Alasca, onde Trump e Putin se reuniram presencialmente. A \u00faltima conversa tinha ocorrido a 19 de agosto, poucos dias ap\u00f3s o encontro em territ\u00f3rio americano.<\/p>\n<p>As amea\u00e7as americanas <\/p>\n<p>Os \u00faltimos dias foram marcados por v\u00e1rias amea\u00e7as dos l\u00edderes americanos a Moscovo. Ainda esta quarta-feira, em Bruxelas, o\u00a0secret\u00e1rio da Defesa dos Estados Unidos, Pete Hegseth, afirmou que os EUA e os seus aliados est\u00e3o prontos para impor custos \u00e0 R\u00fassia pela sua agress\u00e3o cont\u00ednua, caso a guerra na Ucr\u00e2nia n\u00e3o chegue ao fim.<\/p>\n<p data-end=\"668\" data-is-last-node=\"\" data-is-only-node=\"\" data-start=\"364\">\u201cSe tivermos de dar esse passo, o Departamento de Guerra dos EUA est\u00e1 preparado para fazer a sua parte, de formas que s\u00f3 os Estados Unidos podem fazer\u201d, afirmou Hegseth durante uma reuni\u00e3o do Grupo de Contacto para a Defesa da Ucr\u00e2nia na sede da NATO.<\/p>\n<p data-end=\"668\" data-is-last-node=\"\" data-is-only-node=\"\" data-start=\"364\">Tamb\u00e9m na quarta-feira, Trump referiu que obteve a confirma\u00e7\u00e3o do primeiro-ministro da \u00cdndia, Narendra Modi, de que o seu pa\u00eds vai parar de comprar petr\u00f3leo russo e que vai pressionar a China a fazer o mesmo.<\/p>\n<p data-end=\"668\" data-is-last-node=\"\" data-is-only-node=\"\" data-start=\"364\">Em resposta a estas afirma\u00e7\u00f5es e \u00e0 amea\u00e7a de envio de m\u00edsseis Tomahawk para a Ucr\u00e2nia, o ministro dos Neg\u00f3cios Estrangeiros da R\u00fassia, Sergei Lavrov, afirmou que tal a\u00e7\u00e3o levaria a uma &#8220;escalada muito s\u00e9ria de tens\u00f5es&#8221;.<\/p>\n<p data-end=\"668\" data-is-last-node=\"\" data-is-only-node=\"\" data-start=\"364\">&#8220;Al\u00e9m de transformar a \u2018guerra de Joe Biden\u2019 [ex-Presidente dos Estados Unidos] na \u2018guerra de Donald Trump\u2019, isto levar\u00e1 a uma escalada muito s\u00e9ria de tens\u00f5es entre a R\u00fassia e os Estados Unidos. N\u00e3o tenho d\u00favidas de que eles compreendem isso&#8221;, disse Lavrov.<\/p>\n","protected":false},"excerpt":{"rendered":"Sobre a chamada desta quinta-feira em concreto, Donald Trump escreveu que esta foi &#8220;muito produtiva&#8221;, com Putin a&hellip;\n","protected":false},"author":2,"featured_media":113633,"comment_status":"","ping_status":"","sticky":false,"template":"","format":"standard","meta":{"footnotes":""},"categories":[50],"tags":[609,836,611,27,28,607,608,333,832,604,135,610,92,476,15,16,301,830,14,1991,603,25,26,570,21,22,831,833,62,834,12,13,19,20,835,602,52,32,23,24,839,17,18,840,29,30,31,2415,63,64,65],"class_list":{"0":"post-113632","1":"post","2":"type-post","3":"status-publish","4":"format-standard","5":"has-post-thumbnail","7":"category-mundo","8":"tag-alerta","9":"tag-analise","10":"tag-ao-minuto","11":"tag-breaking-news","12":"tag-breakingnews","13":"tag-cnn","14":"tag-cnn-portugal","15":"tag-comentadores","16":"tag-costa","17":"tag-crime","18":"tag-desporto","19":"tag-direto","20":"tag-donald-trump","21":"tag-economia","22":"tag-featured-news","23":"tag-featurednews","24":"tag-governo","25":"tag-guerra","26":"tag-headlines","27":"tag-hungria","28":"tag-justica","29":"tag-latest-news","30":"tag-latestnews","31":"tag-live","32":"tag-main-news","33":"tag-mainnews","34":"tag-mais-vistas","35":"tag-marcelo","36":"tag-mundo","37":"tag-negocios","38":"tag-news","39":"tag-noticias","40":"tag-noticias-principais","41":"tag-noticiasprincipais","42":"tag-opiniao","43":"tag-pais","44":"tag-politica","45":"tag-portugal","46":"tag-principais-noticias","47":"tag-principaisnoticias","48":"tag-russia","49":"tag-top-stories","50":"tag-topstories","51":"tag-ucrania","52":"tag-ultimas","53":"tag-ultimas-noticias","54":"tag-ultimasnoticias","55":"tag-vladimir-putin","56":"tag-world","57":"tag-world-news","58":"tag-worldnews"},"share_on_mastodon":{"url":"","error":""},"_links":{"self":[{"href":"https:\/\/www.europesays.com\/pt\/wp-json\/wp\/v2\/posts\/113632","targetHints":{"allow":["GET"]}}],"collection":[{"href":"https:\/\/www.europesays.com\/pt\/wp-json\/wp\/v2\/posts"}],"about":[{"href":"https:\/\/www.europesays.com\/pt\/wp-json\/wp\/v2\/types\/post"}],"author":[{"embeddable":true,"href":"https:\/\/www.europesays.com\/pt\/wp-json\/wp\/v2\/users\/2"}],"replies":[{"embeddable":true,"href":"https:\/\/www.europesays.com\/pt\/wp-json\/wp\/v2\/comments?post=113632"}],"version-history":[{"count":0,"href":"https:\/\/www.europesays.com\/pt\/wp-json\/wp\/v2\/posts\/113632\/revisions"}],"wp:featuredmedia":[{"embeddable":true,"href":"https:\/\/www.europesays.com\/pt\/wp-json\/wp\/v2\/media\/113633"}],"wp:attachment":[{"href":"https:\/\/www.europesays.com\/pt\/wp-json\/wp\/v2\/media?parent=113632"}],"wp:term":[{"taxonomy":"category","embeddable":true,"href":"https:\/\/www.europesays.com\/pt\/wp-json\/wp\/v2\/categories?post=113632"},{"taxonomy":"post_tag","embeddable":true,"href":"https:\/\/www.europesays.com\/pt\/wp-json\/wp\/v2\/tags?post=113632"}],"curies":[{"name":"wp","href":"https:\/\/api.w.org\/{rel}","templated":true}]}}