{"id":113634,"date":"2025-10-16T19:39:11","date_gmt":"2025-10-16T19:39:11","guid":{"rendered":"https:\/\/www.europesays.com\/pt\/113634\/"},"modified":"2025-10-16T19:39:11","modified_gmt":"2025-10-16T19:39:11","slug":"governo-cria-loja-de-cidadao-virtual-que-arranca-em-breve-com-mais-de-100-servicos","status":"publish","type":"post","link":"https:\/\/www.europesays.com\/pt\/113634\/","title":{"rendered":"Governo cria Loja de Cidad\u00e3o virtual que arranca em breve com mais de 100 servi\u00e7os"},"content":{"rendered":"<p>                    Gon\u00e7alo Matias falava na confer\u00eancia de imprensa depois da reuni\u00e3o do Conselho de Ministros, em Lisboa. O ministro Adjunto e da Reforma do Estado referiu que este ser\u00e1 um processo gradual e que no prazo de cinco anos todos os servi\u00e7os p\u00fablicos estar\u00e3o dispon\u00edveis em formato digital.<\/p>\n<p>&#8220;Quanto \u00e0 Loja de Cidad\u00e3o virtual ela \u00e9 criada no momento em que este diploma for publicado, portanto, com brevidade&#8221;, acrescentou.<br \/>&#13;<br \/>\n.<\/p>\n<p>          <img decoding=\"async\" itemprop=\"image\" class=\"img-fluid\"   src=\"https:\/\/www.europesays.com\/pt\/wp-content\/uploads\/2025\/10\/4411a9a8936daf8746c1dbd552690025\"\/><\/p>\n<p>\nOs servi\u00e7os dispon\u00edveis ser\u00e3o &#8220;mais de 100&#8221; e &#8220;gradualmente&#8221; vai-se aumentando &#8220;o n\u00famero de servi\u00e7os digitalmente dispon\u00edveis at\u00e9 chegar ao objetivo de 100% at\u00e9 2030&#8221;, como est\u00e1 previsto na Estrat\u00e9gia Digital Nacional, referiu.<\/p>\n<p>O ministro Adjunto e da Reforma do Estado disse tamb\u00e9m que o CTO (diretor de sistemas de informa\u00e7\u00e3o) do Estado, Manuel Dias, vai iniciar fun\u00e7\u00f5es no dia 27 e que em 29 de outubro ser\u00e1 feita uma apresenta\u00e7\u00e3o p\u00fablica.<\/p>\n<p>Quanto \u00e0 escolha de Manuel Dias para CTO da ARTE &#8211; Ag\u00eancia para a Reforma Tecnol\u00f3gica (antiga AMA &#8211; Ag\u00eancia para a Moderniza\u00e7\u00e3o Administrativa), &#8220;devo dizer que estamos muito satisfeitos de poder contar com o engenheiro Manuel Dias nestas fun\u00e7\u00f5es&#8221;, prosseguiu o ministro.<br \/>&#13;\n<\/p>\n<p>          <img decoding=\"async\" itemprop=\"image\" class=\"img-fluid\"   src=\"https:\/\/www.europesays.com\/pt\/wp-content\/uploads\/2025\/10\/1e00ab7d9fe6e821dc71e596e06f7137\"\/><\/p>\n<p>\n&#8220;S\u00e3o fun\u00e7\u00f5es muito importantes, s\u00e3o fun\u00e7\u00f5es transversais a todo o Estado que garantem a interoperabilidade e garantem o princ\u00edpio s\u00f3 uma vez. A partir daqui vamos conseguir implementar uma pol\u00edtica que assegura que os servi\u00e7os p\u00fablicos n\u00e3o pedem aos cidad\u00e3os os documentos vezes sem conta&#8221; nem os que j\u00e1 t\u00eam, referiu.<\/p>\n","protected":false},"excerpt":{"rendered":"Gon\u00e7alo Matias falava na confer\u00eancia de imprensa depois da reuni\u00e3o do Conselho de Ministros, em Lisboa. O ministro&hellip;\n","protected":false},"author":2,"featured_media":113635,"comment_status":"","ping_status":"","sticky":false,"template":"","format":"standard","meta":{"footnotes":""},"categories":[10],"tags":[27,28,15,16,14,25,26,21,22,12,13,19,20,32,23,24,33,420,421,17,18,29,30,31],"class_list":{"0":"post-113634","1":"post","2":"type-post","3":"status-publish","4":"format-standard","5":"has-post-thumbnail","7":"category-portugal","8":"tag-breaking-news","9":"tag-breakingnews","10":"tag-featured-news","11":"tag-featurednews","12":"tag-headlines","13":"tag-latest-news","14":"tag-latestnews","15":"tag-main-news","16":"tag-mainnews","17":"tag-news","18":"tag-noticias","19":"tag-noticias-principais","20":"tag-noticiasprincipais","21":"tag-portugal","22":"tag-principais-noticias","23":"tag-principaisnoticias","24":"tag-pt","25":"tag-rtp","26":"tag-rtp-noticias","27":"tag-top-stories","28":"tag-topstories","29":"tag-ultimas","30":"tag-ultimas-noticias","31":"tag-ultimasnoticias"},"share_on_mastodon":{"url":"","error":""},"_links":{"self":[{"href":"https:\/\/www.europesays.com\/pt\/wp-json\/wp\/v2\/posts\/113634","targetHints":{"allow":["GET"]}}],"collection":[{"href":"https:\/\/www.europesays.com\/pt\/wp-json\/wp\/v2\/posts"}],"about":[{"href":"https:\/\/www.europesays.com\/pt\/wp-json\/wp\/v2\/types\/post"}],"author":[{"embeddable":true,"href":"https:\/\/www.europesays.com\/pt\/wp-json\/wp\/v2\/users\/2"}],"replies":[{"embeddable":true,"href":"https:\/\/www.europesays.com\/pt\/wp-json\/wp\/v2\/comments?post=113634"}],"version-history":[{"count":0,"href":"https:\/\/www.europesays.com\/pt\/wp-json\/wp\/v2\/posts\/113634\/revisions"}],"wp:featuredmedia":[{"embeddable":true,"href":"https:\/\/www.europesays.com\/pt\/wp-json\/wp\/v2\/media\/113635"}],"wp:attachment":[{"href":"https:\/\/www.europesays.com\/pt\/wp-json\/wp\/v2\/media?parent=113634"}],"wp:term":[{"taxonomy":"category","embeddable":true,"href":"https:\/\/www.europesays.com\/pt\/wp-json\/wp\/v2\/categories?post=113634"},{"taxonomy":"post_tag","embeddable":true,"href":"https:\/\/www.europesays.com\/pt\/wp-json\/wp\/v2\/tags?post=113634"}],"curies":[{"name":"wp","href":"https:\/\/api.w.org\/{rel}","templated":true}]}}