{"id":113649,"date":"2025-10-16T19:53:15","date_gmt":"2025-10-16T19:53:15","guid":{"rendered":"https:\/\/www.europesays.com\/pt\/113649\/"},"modified":"2025-10-16T19:53:15","modified_gmt":"2025-10-16T19:53:15","slug":"torturado-com-pe-de-cabra-em-brasa-para-revelar-onde-estavam-sete-quilos-de-droga","status":"publish","type":"post","link":"https:\/\/www.europesays.com\/pt\/113649\/","title":{"rendered":"Torturado com p\u00e9 de cabra em brasa para revelar onde estavam sete quilos de droga"},"content":{"rendered":"<p>O sequestro ocorreu em julho de 2025, quando a v\u00edtima, que se encontrava a consumir droga numa rua do Bairro Nogueira da Silva, foi abordada por tr\u00eas homens, moradores nas imedia\u00e7\u00f5es, que o questionaram sobre a localiza\u00e7\u00e3o de sete quilos de droga.<\/p>\n<p data-remotead-prev-elm=\"true\" data-remotead-elm-id=\"inread\">Levaram-no, depois, para o Bairro Social do Picoto, onde um dos homens o agrediu \u00e0 bofetada, amea\u00e7ando: &#8220;vou tratar de ti&#8221;. E cumpriu. Foi buscar uma corrente, que prendeu a um dos p\u00e9s do homem, impedindo-o de se mover. Enquanto isso, outros dos elementos do grupo telefonou para dois amigos de Gaia, que chegaram a Braga com um martelo, um ma\u00e7arico e um p\u00e9 de cabra.<\/p>\n<p>Acesso exclusivo a assinantes<\/p>\n<p>Acesso ilimitado a conte\u00fados exclusivos<\/p>\n<p>Navega\u00e7\u00e3o sem publicidade intrusiva<\/p>\n<p>Vers\u00e3o digital do jornal, suplementos e revistas<\/p>\n","protected":false},"excerpt":{"rendered":"O sequestro ocorreu em julho de 2025, quando a v\u00edtima, que se encontrava a consumir droga numa rua&hellip;\n","protected":false},"author":2,"featured_media":76984,"comment_status":"","ping_status":"","sticky":false,"template":"","format":"standard","meta":{"footnotes":""},"categories":[10],"tags":[1912,27,28,15,16,14,603,25,26,21,22,12,13,19,20,4107,462,32,23,24,33,17,18,29,30,31],"class_list":{"0":"post-113649","1":"post","2":"type-post","3":"status-publish","4":"format-standard","5":"has-post-thumbnail","7":"category-portugal","8":"tag-braga","9":"tag-breaking-news","10":"tag-breakingnews","11":"tag-featured-news","12":"tag-featurednews","13":"tag-headlines","14":"tag-justica","15":"tag-latest-news","16":"tag-latestnews","17":"tag-main-news","18":"tag-mainnews","19":"tag-news","20":"tag-noticias","21":"tag-noticias-principais","22":"tag-noticiasprincipais","23":"tag-pj","24":"tag-porto","25":"tag-portugal","26":"tag-principais-noticias","27":"tag-principaisnoticias","28":"tag-pt","29":"tag-top-stories","30":"tag-topstories","31":"tag-ultimas","32":"tag-ultimas-noticias","33":"tag-ultimasnoticias"},"share_on_mastodon":{"url":"","error":""},"_links":{"self":[{"href":"https:\/\/www.europesays.com\/pt\/wp-json\/wp\/v2\/posts\/113649","targetHints":{"allow":["GET"]}}],"collection":[{"href":"https:\/\/www.europesays.com\/pt\/wp-json\/wp\/v2\/posts"}],"about":[{"href":"https:\/\/www.europesays.com\/pt\/wp-json\/wp\/v2\/types\/post"}],"author":[{"embeddable":true,"href":"https:\/\/www.europesays.com\/pt\/wp-json\/wp\/v2\/users\/2"}],"replies":[{"embeddable":true,"href":"https:\/\/www.europesays.com\/pt\/wp-json\/wp\/v2\/comments?post=113649"}],"version-history":[{"count":0,"href":"https:\/\/www.europesays.com\/pt\/wp-json\/wp\/v2\/posts\/113649\/revisions"}],"wp:featuredmedia":[{"embeddable":true,"href":"https:\/\/www.europesays.com\/pt\/wp-json\/wp\/v2\/media\/76984"}],"wp:attachment":[{"href":"https:\/\/www.europesays.com\/pt\/wp-json\/wp\/v2\/media?parent=113649"}],"wp:term":[{"taxonomy":"category","embeddable":true,"href":"https:\/\/www.europesays.com\/pt\/wp-json\/wp\/v2\/categories?post=113649"},{"taxonomy":"post_tag","embeddable":true,"href":"https:\/\/www.europesays.com\/pt\/wp-json\/wp\/v2\/tags?post=113649"}],"curies":[{"name":"wp","href":"https:\/\/api.w.org\/{rel}","templated":true}]}}