{"id":11365,"date":"2025-08-01T10:23:19","date_gmt":"2025-08-01T10:23:19","guid":{"rendered":"https:\/\/www.europesays.com\/pt\/11365\/"},"modified":"2025-08-01T10:23:19","modified_gmt":"2025-08-01T10:23:19","slug":"vem-ai-em-a-protegida-para-vingar-se-de-virgilio-isabel-vai-fazer-aruna-sofrer-novelas","status":"publish","type":"post","link":"https:\/\/www.europesays.com\/pt\/11365\/","title":{"rendered":"Vem a\u00ed em \u00abA Protegida\u00bb: Para vingar-se de V\u00edrgilio, Isabel vai fazer Aruna sofrer? &#8211; Novelas"},"content":{"rendered":"<p>Em \u00abA Protegida\u00bb, <a href=\"https:\/\/tvi.iol.pt\/novelas\/ator\/isabel-nobrega\/67adfe20d34e3f0bae9a67df\" rel=\"nofollow noopener\" target=\"_blank\">Isabel (Sara Barradas)<\/a>\u00a0vai atr\u00e1s de <a href=\"https:\/\/tvi.iol.pt\/novelas\/ator\/virgilio-cruz\/67ac83e1d34e3f0bae9a56e3\" rel=\"nofollow noopener\" target=\"_blank\">Virg\u00edlio (Diogo Morgado)<\/a>, fingindo-se preocupada com ele. Virg\u00edlio est\u00e1 descontrolado por ter visto Aruna\u00a0<a href=\"https:\/\/tvi.iol.pt\/novelas\/videos\/aruna-para-virgilio-vamos-ter-de-confiar-no-destino\/67f40ac00cf216cd3ad3455d\" rel=\"nofollow noopener\" target=\"_blank\">(Noua Wong)<\/a>\u00a0com <a href=\"https:\/\/tvi.iol.pt\/novelas\/joao-bettencourt\/catarina-nifo\/vem-ai-a-protegida-goncalo-fica-paralisado-no-chao\" rel=\"nofollow noopener\" target=\"_blank\">Gon\u00e7alo (Jo\u00e3o Bettencourt)<\/a>, dando a entender que afinal tem sentimentos e gosta mesmo de Aruna. Isabel fica satisfeita por descobrir isso, pois agora tem uma carta para usar com Virg\u00edlio.<\/p>\n<p>Isabel conta a <a href=\"https:\/\/tvi.iol.pt\/novelas\/ator\/teresa-vieira\/67ae111cd34ef72ee4423821\" wbo-id=\"51\" rel=\"nofollow noopener\" target=\"_blank\">Teresa (Sandra Faleiro)<\/a>\u00a0o que se passou com Virg\u00edlio. Isabel j\u00e1 desconfiava, mas agora tem a certeza de que ele ama Aruna e ser\u00e1 esse o seu calcanhar de Aquiles. Agora Isabel sabe por onde pegar e promete fazer justi\u00e7a pela irm\u00e3, tal como tinham combinado.<\/p>\n<p>Recorde-se que Isabel tem andado a seduzi-lo:<\/p>\n","protected":false},"excerpt":{"rendered":"Em \u00abA Protegida\u00bb, Isabel (Sara Barradas)\u00a0vai atr\u00e1s de Virg\u00edlio (Diogo Morgado), fingindo-se preocupada com ele. Virg\u00edlio est\u00e1 descontrolado&hellip;\n","protected":false},"author":2,"featured_media":11366,"comment_status":"","ping_status":"","sticky":false,"template":"","format":"standard","meta":{"footnotes":""},"categories":[142],"tags":[168,160,468,166,4836,114,115,157,167,2910,164,465,161,158,165,159,32,33,156,2907,163,151,162,4837],"class_list":{"0":"post-11365","1":"post","2":"type-post","3":"status-publish","4":"format-standard","5":"has-post-thumbnail","7":"category-tv","8":"tag-a-protegida","9":"tag-ana-guiomar","10":"tag-aruna","11":"tag-cristina-ferreira","12":"tag-diogo-morgado","13":"tag-entertainment","14":"tag-entretenimento","15":"tag-festa-e-festa","16":"tag-ficcao","17":"tag-isabel","18":"tag-jose-fidalgo","19":"tag-noua-wong","20":"tag-novelas","21":"tag-para-sempre","22":"tag-pedro-sousa","23":"tag-pedro-teixeira","24":"tag-portugal","25":"tag-pt","26":"tag-queridos-papas","27":"tag-sara-barradas","28":"tag-tiago-teotonio-pereira","29":"tag-tv","30":"tag-tvi","31":"tag-virgilio"},"share_on_mastodon":{"url":"","error":""},"_links":{"self":[{"href":"https:\/\/www.europesays.com\/pt\/wp-json\/wp\/v2\/posts\/11365","targetHints":{"allow":["GET"]}}],"collection":[{"href":"https:\/\/www.europesays.com\/pt\/wp-json\/wp\/v2\/posts"}],"about":[{"href":"https:\/\/www.europesays.com\/pt\/wp-json\/wp\/v2\/types\/post"}],"author":[{"embeddable":true,"href":"https:\/\/www.europesays.com\/pt\/wp-json\/wp\/v2\/users\/2"}],"replies":[{"embeddable":true,"href":"https:\/\/www.europesays.com\/pt\/wp-json\/wp\/v2\/comments?post=11365"}],"version-history":[{"count":0,"href":"https:\/\/www.europesays.com\/pt\/wp-json\/wp\/v2\/posts\/11365\/revisions"}],"wp:featuredmedia":[{"embeddable":true,"href":"https:\/\/www.europesays.com\/pt\/wp-json\/wp\/v2\/media\/11366"}],"wp:attachment":[{"href":"https:\/\/www.europesays.com\/pt\/wp-json\/wp\/v2\/media?parent=11365"}],"wp:term":[{"taxonomy":"category","embeddable":true,"href":"https:\/\/www.europesays.com\/pt\/wp-json\/wp\/v2\/categories?post=11365"},{"taxonomy":"post_tag","embeddable":true,"href":"https:\/\/www.europesays.com\/pt\/wp-json\/wp\/v2\/tags?post=11365"}],"curies":[{"name":"wp","href":"https:\/\/api.w.org\/{rel}","templated":true}]}}