{"id":113654,"date":"2025-10-16T19:56:12","date_gmt":"2025-10-16T19:56:12","guid":{"rendered":"https:\/\/www.europesays.com\/pt\/113654\/"},"modified":"2025-10-16T19:56:12","modified_gmt":"2025-10-16T19:56:12","slug":"torre-de-souto-moura-e-ooda-leva-arquitectura-portuguesa-a-tirana-outra-vez-arquitectura","status":"publish","type":"post","link":"https:\/\/www.europesays.com\/pt\/113654\/","title":{"rendered":"Torre de Souto Moura e OODA leva arquitectura portuguesa a Tirana outra vez | Arquitectura"},"content":{"rendered":"<p>Eduardo Souto de Moura e o atelier OODA conceberam o desenho de uma nova torre em Tirana, junto a outra da autoria do grupo portuense, criando &#8220;um p\u00f3rtico simb\u00f3lico&#8221; na capital albanesa, foi anunciado nesta quinta-feira.<\/p>\n<p>De acordo com um comunicado do Oporto Office for Design and Architecture (OODA), em causa est\u00e1 &#8220;o projecto Oricon Tower, co-assinado por Eduardo Souto de Moura e OODA&#8221;, que &#8220;surge em frente \u00e0 Bond Tower, tamb\u00e9m da OODA, criando juntas um p\u00f3rtico simb\u00f3lico que dialoga entre gera\u00e7\u00f5es, estilos e din\u00e2micas arquitect\u00f3nicas&#8221;.<\/p>\n<p>        &#13;<br \/>\n            &#13;<br \/>\n            &#13;<br \/>\n                Oricon Tower \u00e9 o sexto projecto do OODA em Tirana&#13;<br \/>\nDR            &#13;<br \/>\n&#13;<\/p>\n<p>O gabinete, sediado no Porto, refere que &#8220;as torres refor\u00e7am a presen\u00e7a da <a href=\"https:\/\/www.publico.pt\/arquitectura\" rel=\"nofollow noopener\" target=\"_blank\">arquitectura<\/a> portuguesa em Tirana, transformando a entrada oeste da cidade num novo ponto de refer\u00eancia urbano\u201d. O trabalho re\u00fane &#8220;duas gera\u00e7\u00f5es de arquitectos num projecto que concilia experi\u00eancia, inova\u00e7\u00e3o e rigor disciplinar&#8221;, propondo &#8220;uma reflex\u00e3o conjunta sobre a cidade contempor\u00e2nea, a sua evolu\u00e7\u00e3o e a inter-rela\u00e7\u00e3o entre arquitectura e paisagem&#8221;.<\/p>\n<p>O OODA garante que a Oricon Tower, localizada na avenida Dritan Hoxha, \u201cem conjunto com a Bond Tower (\u2026) assinala a entrada ocidental de Tirana, funcionando como um p\u00f3rtico urbano e elemento de transi\u00e7\u00e3o entre o tecido consolidado e as novas expans\u00f5es da cidade&#8221;.<\/p>\n<p>O projecto est\u00e1 inserido &#8220;numa \u00e1rea em transforma\u00e7\u00e3o, ao longo do eixo que liga o aeroporto ao centro&#8221;, ocupando a torre &#8220;uma posi\u00e7\u00e3o estrat\u00e9gica no contexto urbano&#8221;, num projecto &#8220;que privilegia propor\u00e7\u00e3o, clareza estrutural e materialidade, adoptando a express\u00e3o construtiva como princ\u00edpio orientador&#8221;.<\/p>\n<p>&#8220;Com cinquenta pisos e utiliza\u00e7\u00e3o mista, a torre combina bet\u00e3o, m\u00e1rmore e vidro, materiais que remetem para a tradi\u00e7\u00e3o local e conferem sobriedade e coer\u00eancia visual, enquanto a sua estrutura e acabamentos definem a identidade arquitect\u00f3nica do edif\u00edcio&#8221;, refere o gabinete de arquitectura.<\/p>\n<p>O programa funcional da torre contempla &#8220;escrit\u00f3rios e com\u00e9rcio nos pisos inferiores, habita\u00e7\u00f5es nos n\u00edveis interm\u00e9dios, hotel nos pisos superiores e, no rooftop, um sky restaurant (restaurante com vista para o c\u00e9u), que proporciona vistas panor\u00e2micas sobre a cidade e a paisagem envolvente&#8221;.<\/p>\n<p>                &#13;<br \/>\n                    &#13;<br \/>\n                    &#13;<br \/>\n                        Oricon Tower \u00e9 o sexto projecto do OODA em Tirana&#13;<br \/>\nDR                    &#13;<\/p>\n<p>J\u00e1 a circula\u00e7\u00e3o interna &#8220;foi concebida de modo a optimizar o movimento e a efici\u00eancia do edif\u00edcio&#8221;, j\u00e1 que &#8220;o n\u00facleo central articula lobbies espec\u00edficos para cada programa, maximizando a \u00e1rea \u00fatil e a funcionalidade&#8221; e &#8220;estudos estruturais detalhados asseguraram que a forma arquitect\u00f3nica estivesse em plena conson\u00e2ncia com a l\u00f3gica construtiva subjacente&#8221;.<\/p>\n<p>Em Mar\u00e7o de 2023, o OODA ganhou o concurso internacional para projectar a sede de um canal de televis\u00e3o em Tirana, que pretende ser um &#8220;edif\u00edcio ic\u00f3nico&#8221; e &#8220;o farol&#8221; da nova fase crescimento da cidade. Em causa est\u00e1 a <a href=\"https:\/\/www.publico.pt\/2023\/03\/08\/p3\/noticia\/bobinas-filme-frente-montanhas-nova-sede-canal-albanes-assinatura-portuguesa-2041617\" target=\"_blank\" rel=\"nofollow noopener\">nova sede da Klan TV<\/a>, uma operadora privada de televis\u00e3o albanesa, que ocupa uma \u00e1rea de 10 mil metros quadrados numa \u00e1rea da cidade &#8220;que assiste a um crescimento exponencial&#8221;, e o projecto inspira-se &#8220;num conjunto de bobinas de filme e nas caracter\u00edsticas da arte e arquitectura locais&#8221;.<\/p>\n","protected":false},"excerpt":{"rendered":"Eduardo Souto de Moura e o atelier OODA conceberam o desenho de uma nova torre em Tirana, junto&hellip;\n","protected":false},"author":2,"featured_media":113655,"comment_status":"","ping_status":"","sticky":false,"template":"","format":"standard","meta":{"footnotes":""},"categories":[144],"tags":[9131,2882,207,205,206,203,201,202,204,114,115,534,542,462,32,33],"class_list":{"0":"post-113654","1":"post","2":"type-post","3":"status-publish","4":"format-standard","5":"has-post-thumbnail","7":"category-arte-e-design","8":"tag-albania","9":"tag-arquitectura","10":"tag-arte","11":"tag-arte-e-design","12":"tag-artedesign","13":"tag-arts","14":"tag-arts-and-design","15":"tag-artsanddesign","16":"tag-design","17":"tag-entertainment","18":"tag-entretenimento","19":"tag-p3","20":"tag-para-redes","21":"tag-porto","22":"tag-portugal","23":"tag-pt"},"share_on_mastodon":{"url":"","error":""},"_links":{"self":[{"href":"https:\/\/www.europesays.com\/pt\/wp-json\/wp\/v2\/posts\/113654","targetHints":{"allow":["GET"]}}],"collection":[{"href":"https:\/\/www.europesays.com\/pt\/wp-json\/wp\/v2\/posts"}],"about":[{"href":"https:\/\/www.europesays.com\/pt\/wp-json\/wp\/v2\/types\/post"}],"author":[{"embeddable":true,"href":"https:\/\/www.europesays.com\/pt\/wp-json\/wp\/v2\/users\/2"}],"replies":[{"embeddable":true,"href":"https:\/\/www.europesays.com\/pt\/wp-json\/wp\/v2\/comments?post=113654"}],"version-history":[{"count":0,"href":"https:\/\/www.europesays.com\/pt\/wp-json\/wp\/v2\/posts\/113654\/revisions"}],"wp:featuredmedia":[{"embeddable":true,"href":"https:\/\/www.europesays.com\/pt\/wp-json\/wp\/v2\/media\/113655"}],"wp:attachment":[{"href":"https:\/\/www.europesays.com\/pt\/wp-json\/wp\/v2\/media?parent=113654"}],"wp:term":[{"taxonomy":"category","embeddable":true,"href":"https:\/\/www.europesays.com\/pt\/wp-json\/wp\/v2\/categories?post=113654"},{"taxonomy":"post_tag","embeddable":true,"href":"https:\/\/www.europesays.com\/pt\/wp-json\/wp\/v2\/tags?post=113654"}],"curies":[{"name":"wp","href":"https:\/\/api.w.org\/{rel}","templated":true}]}}