{"id":113658,"date":"2025-10-16T20:01:09","date_gmt":"2025-10-16T20:01:09","guid":{"rendered":"https:\/\/www.europesays.com\/pt\/113658\/"},"modified":"2025-10-16T20:01:09","modified_gmt":"2025-10-16T20:01:09","slug":"prestianni-agradece-ao-benfica-vencer-o-mundial-e-voltar-para-ganhar-tudo","status":"publish","type":"post","link":"https:\/\/www.europesays.com\/pt\/113658\/","title":{"rendered":"Prestianni agradece ao Benfica: \u00abVencer o Mundial e voltar para ganhar tudo\u00bb"},"content":{"rendered":"<p>Gianluca <a target=\"_blank\" class=\"editor-link autolink-enabled\" href=\"https:\/\/www.abola.pt\/futebol\/jogador\/prestianni-258465\" data-resource-id=\"258465\" data-resource-type=\"player\" data-sport=\"football\" rel=\"nofollow noopener\">Prestianni<\/a> continua a brilhar no Mundial sub-20 e foi decisivo no apuramento da Argentina para a final da prova, que decorre no Chile. A albiceleste derrotou a Col\u00f4mbia, por 1-0, num jogo apitado pelo portugu\u00eas Jo\u00e3o Pinheiro, e vai defrontar Marrocos na grande final.\u00a0<\/p>\n<p>Depois do encontro, o criativo deixou um agradecimento ao <a class=\"autolink-enabled\" data-resource-id=\"450\" data-resource-type=\"team\" data-sport=\"football\" href=\"https:\/\/www.abola.pt\/futebol\/benfica-450\" rel=\"nofollow noopener\" target=\"_blank\">Benfica<\/a> e uma garantia. Figuras como <a class=\"autolink-enabled\" data-resource-id=\"304318\" data-resource-type=\"player\" data-sport=\"football\" href=\"https:\/\/www.abola.pt\/futebol\/jogador\/franco-mastantuono-304318\" rel=\"nofollow noopener\" target=\"_blank\">Franco Mastantuono<\/a> e <a class=\"autolink-enabled\" data-resource-id=\"280063\" data-resource-type=\"player\" data-sport=\"football\" href=\"https:\/\/www.abola.pt\/futebol\/jogador\/claudio-echeverri-280063\" rel=\"nofollow noopener\" target=\"_blank\">Claudio Echeverri<\/a> n\u00e3o receberam luz verde dos seus clubes para participarem no Campeonato do Mundo sub-20.\u00a0<\/p>\n<p>\u00abA primeira coisa que fiz foi falar com o <a class=\"autolink-enabled\" data-resource-id=\"450\" data-resource-type=\"team\" data-sport=\"football\" href=\"https:\/\/www.abola.pt\/futebol\/benfica-450\" rel=\"nofollow noopener\" target=\"_blank\">Benfica<\/a> para que me deixasse vir. Agrade\u00e7o publicamente ao Benfica por me ter deixado estar aqui. Vamos tentar ganhar o Mundial e depois voltar ao Benfica para ganhar tudo. N\u00e3o tinha conseguido competir nos sul-americanos e no Mundial Sub-17. Estou a jogar e feliz\u00bb, garantiu <a class=\"autolink-enabled\" data-resource-id=\"258465\" data-resource-type=\"player\" data-sport=\"football\" href=\"https:\/\/www.abola.pt\/futebol\/jogador\/prestianni-258465\" rel=\"nofollow noopener\" target=\"_blank\">Prestianni<\/a>, em declara\u00e7\u00f5es \u00e0 imprensa argentina.\u00a0<\/p>\n<p>O jogador do\u00a0<a class=\"autolink-enabled\" data-resource-id=\"450\" data-resource-type=\"team\" data-sport=\"football\" href=\"https:\/\/www.abola.pt\/futebol\/benfica-450\" rel=\"nofollow noopener\" target=\"_blank\">Benfica<\/a>\u00a0foi eleito o melhor em campo, ap\u00f3s ter estado em quase todas as jogadas de perigo criadas pela Argentina. Fez ainda a assist\u00eancia para o golo da vit\u00f3ria, marcado por Mateo Silvetti, extremo do\u00a0<a class=\"autolink-enabled\" data-resource-id=\"22305\" data-resource-type=\"team\" data-sport=\"football\" href=\"https:\/\/www.abola.pt\/futebol\/inter-miami-22305\" rel=\"nofollow noopener\" target=\"_blank\">Inter Miami<\/a>\u00a0que tamb\u00e9m voltou a ser decisivo, novamente a saltar do banco.\u00a0<\/p>\n","protected":false},"excerpt":{"rendered":"Gianluca Prestianni continua a brilhar no Mundial sub-20 e foi decisivo no apuramento da Argentina para a final&hellip;\n","protected":false},"author":2,"featured_media":113659,"comment_status":"","ping_status":"","sticky":false,"template":"","format":"standard","meta":{"footnotes":""},"categories":[87],"tags":[135,32,33,134],"class_list":{"0":"post-113658","1":"post","2":"type-post","3":"status-publish","4":"format-standard","5":"has-post-thumbnail","7":"category-desporto","8":"tag-desporto","9":"tag-portugal","10":"tag-pt","11":"tag-sports"},"share_on_mastodon":{"url":"","error":""},"_links":{"self":[{"href":"https:\/\/www.europesays.com\/pt\/wp-json\/wp\/v2\/posts\/113658","targetHints":{"allow":["GET"]}}],"collection":[{"href":"https:\/\/www.europesays.com\/pt\/wp-json\/wp\/v2\/posts"}],"about":[{"href":"https:\/\/www.europesays.com\/pt\/wp-json\/wp\/v2\/types\/post"}],"author":[{"embeddable":true,"href":"https:\/\/www.europesays.com\/pt\/wp-json\/wp\/v2\/users\/2"}],"replies":[{"embeddable":true,"href":"https:\/\/www.europesays.com\/pt\/wp-json\/wp\/v2\/comments?post=113658"}],"version-history":[{"count":0,"href":"https:\/\/www.europesays.com\/pt\/wp-json\/wp\/v2\/posts\/113658\/revisions"}],"wp:featuredmedia":[{"embeddable":true,"href":"https:\/\/www.europesays.com\/pt\/wp-json\/wp\/v2\/media\/113659"}],"wp:attachment":[{"href":"https:\/\/www.europesays.com\/pt\/wp-json\/wp\/v2\/media?parent=113658"}],"wp:term":[{"taxonomy":"category","embeddable":true,"href":"https:\/\/www.europesays.com\/pt\/wp-json\/wp\/v2\/categories?post=113658"},{"taxonomy":"post_tag","embeddable":true,"href":"https:\/\/www.europesays.com\/pt\/wp-json\/wp\/v2\/tags?post=113658"}],"curies":[{"name":"wp","href":"https:\/\/api.w.org\/{rel}","templated":true}]}}