{"id":113664,"date":"2025-10-16T20:07:27","date_gmt":"2025-10-16T20:07:27","guid":{"rendered":"https:\/\/www.europesays.com\/pt\/113664\/"},"modified":"2025-10-16T20:07:27","modified_gmt":"2025-10-16T20:07:27","slug":"o-mirante-familiares-de-vitima-mortal-exaltam-se-no-hospital-de-abrantes-obrigando-a-intervencao-policial","status":"publish","type":"post","link":"https:\/\/www.europesays.com\/pt\/113664\/","title":{"rendered":"O MIRANTE | Familiares de v\u00edtima mortal exaltam-se no Hospital de Abrantes obrigando a interven\u00e7\u00e3o policial"},"content":{"rendered":"<p>Um grupo de pessoas, que decidiu transportar por meios pr\u00f3prios uma v\u00edtima de acidente rodovi\u00e1rio grave para o Hospital de Abrantes, exaltou-se e provocou dist\u00farbios nas instala\u00e7\u00f5es daquela unidade de sa\u00fade, obrigando a interven\u00e7\u00e3o policial. O incidente ocorreu no s\u00e1bado, 11 de Outubro, e deveu-se a uma reac\u00e7\u00e3o negativa ao \u00f3bito da v\u00edtima que n\u00e3o foi assistida no local do acidente por equipas de emerg\u00eancia pr\u00e9-hospitalar e j\u00e1 ter\u00e1 chegado sem vida ao hospital.<\/p>\n<p>Segundo uma testemunha, o grupo, de cerca de 50 pessoas, entrou no servi\u00e7o de urg\u00eancia com a v\u00edtima e depois de ter sido declarado o \u00f3bito \u201cfor\u00e7ou a entrada na sala de reanima\u00e7\u00e3o, exigindo que os profissionais de sa\u00fade tentassem reanimar o indiv\u00edduo. Durante o incidente, v\u00e1rios seguran\u00e7as e profissionais de sa\u00fade foram agredidos, tendo alguns necessitado de cuidados m\u00e9dicos\u201d.<\/p>\n<p>A Unidade Local de Sa\u00fade (ULS) M\u00e9dio Tejo confirma a O MIRANTE a \u201csitua\u00e7\u00e3o de tens\u00e3o durante o fim de semana [\u2026] causado por uma situa\u00e7\u00e3o de \u00f3bito irrevers\u00edvel\u201d, sublinhando que da mesma \u201cn\u00e3o resultaram feridos ou danos f\u00edsicos a profissionais de sa\u00fade, sendo os danos materiais muito limitados\u201d.<\/p>\n<p>A perman\u00eancia do grupo, ao qual se foram juntando mais pessoas da mesma comunidade, nas imedia\u00e7\u00f5es do hospital manteve-se nos dias seguintes, \u201centre domingo e segunda-feira, enquanto o corpo da v\u00edtima n\u00e3o foi libertado\u201d, relata a mesma testemunha, sublinhando o \u201cmedo e inseguran\u00e7a\u201d sentido pelos profissionais daquela unidade sempre que tinham de passar, no final dos seus turnos, junto a \u201cdezenas de pessoas do grupo\u201d que os abordavam.<\/p>\n<p>Segundo a ULS M\u00e9dio Tejo, \u201ca situa\u00e7\u00e3o foi acompanhada presencialmente desde o primeiro momento pelo conselho de administra\u00e7\u00e3o\u201d que esteve \u201cem contacto permanente com o director do Servi\u00e7o de Urg\u00eancia do Hospital de Abrantes, bem como com as for\u00e7as de seguran\u00e7a p\u00fablica e com os servi\u00e7os de seguran\u00e7a interna da institui\u00e7\u00e3o\u201d. A interven\u00e7\u00e3o das autoridades, destaca a ULS, \u201cfoi imediata e decisiva para restabelecer a normalidade, garantindo desde seguran\u00e7a de utentes, profissionais e instala\u00e7\u00f5es\u201d.<\/p>\n<p>\u201cTodos os elementos envolvidos acataram as instru\u00e7\u00f5es transmitidas pelas for\u00e7as de seguran\u00e7a p\u00fablica, que permaneceram no local at\u00e9 \u00e0 completa resolu\u00e7\u00e3o da situa\u00e7\u00e3o\u201d, informa ainda a ULS, sublinhando que \u201cat\u00e9 ao momento, n\u00e3o foi apresentada qualquer queixa formal por parte de utentes ou profissionais de sa\u00fade relativamente a este epis\u00f3dio\u201d.<\/p>\n<p>Considerando o \u201ccontexto particularmente exigente\u201d para os profissionais que se encontravam em fun\u00e7\u00f5es, que nunca deixaram de assegurar a continuidade dos cuidados aos utentes, a ULS manifesta \u201csolidariedade\u201d e reconhece o \u201cempenho demonstrado\u201d.<\/p>\n<p><strong>ULS diz estar a adoptar medidas para refor\u00e7o de seguran\u00e7a<\/strong><br \/>O conselho de administra\u00e7\u00e3o, presidido por Casimiro Ramos, adianta ao nosso jornal que \u201cest\u00e1 a adoptar medidas decorrentes deste tipo de ocorr\u00eancia, em articula\u00e7\u00e3o com os servi\u00e7os internos competentes e as entidades de seguran\u00e7a, de forma a garantir o permanente refor\u00e7o das condi\u00e7\u00f5es de seguran\u00e7a e apoio aos profissionais\u201d.<br \/>Salientando que o dia-a-dia num Servi\u00e7o de Urg\u00eancia M\u00e9dico-Cir\u00fargica \u00e9 \u201cmarcado por epis\u00f3dios de grande tens\u00e3o emocional e humana, resultantes da gravidade das situa\u00e7\u00f5es cl\u00ednicas que ali chegam\u201d, a ULS diz que os profissionais que ali trabalham \u201cest\u00e3o preparados e formados para actuar com serenidade e compet\u00eancia, em estreita articula\u00e7\u00e3o com as for\u00e7as de seguran\u00e7a\u201d. O plano de preven\u00e7\u00e3o e gest\u00e3o de conflitos, acrescenta, est\u00e1 alinhado com \u201co Plano de A\u00e7\u00e3o para a Preven\u00e7\u00e3o da Viol\u00eancia no Sector da Sa\u00fade (PAPVSS), da Direc\u00e7\u00e3o Executiva do Servi\u00e7o Nacional de Sa\u00fade (DE-SNS) e da Direc\u00e7\u00e3o-Geral da Sa\u00fade (DGS).<\/p>\n","protected":false},"excerpt":{"rendered":"Um grupo de pessoas, que decidiu transportar por meios pr\u00f3prios uma v\u00edtima de acidente rodovi\u00e1rio grave para o&hellip;\n","protected":false},"author":2,"featured_media":113665,"comment_status":"","ping_status":"","sticky":false,"template":"","format":"standard","meta":{"footnotes":""},"categories":[10],"tags":[27,28,15,16,14,6569,6568,25,26,21,22,12,13,19,20,32,23,24,33,3551,5314,17,18,29,30,31],"class_list":{"0":"post-113664","1":"post","2":"type-post","3":"status-publish","4":"format-standard","5":"has-post-thumbnail","7":"category-portugal","8":"tag-breaking-news","9":"tag-breakingnews","10":"tag-featured-news","11":"tag-featurednews","12":"tag-headlines","13":"tag-jornal-regional","14":"tag-jornalismo-de-proximidade","15":"tag-latest-news","16":"tag-latestnews","17":"tag-main-news","18":"tag-mainnews","19":"tag-news","20":"tag-noticias","21":"tag-noticias-principais","22":"tag-noticiasprincipais","23":"tag-portugal","24":"tag-principais-noticias","25":"tag-principaisnoticias","26":"tag-pt","27":"tag-regiao","28":"tag-ribatejo","29":"tag-top-stories","30":"tag-topstories","31":"tag-ultimas","32":"tag-ultimas-noticias","33":"tag-ultimasnoticias"},"share_on_mastodon":{"url":"","error":""},"_links":{"self":[{"href":"https:\/\/www.europesays.com\/pt\/wp-json\/wp\/v2\/posts\/113664","targetHints":{"allow":["GET"]}}],"collection":[{"href":"https:\/\/www.europesays.com\/pt\/wp-json\/wp\/v2\/posts"}],"about":[{"href":"https:\/\/www.europesays.com\/pt\/wp-json\/wp\/v2\/types\/post"}],"author":[{"embeddable":true,"href":"https:\/\/www.europesays.com\/pt\/wp-json\/wp\/v2\/users\/2"}],"replies":[{"embeddable":true,"href":"https:\/\/www.europesays.com\/pt\/wp-json\/wp\/v2\/comments?post=113664"}],"version-history":[{"count":0,"href":"https:\/\/www.europesays.com\/pt\/wp-json\/wp\/v2\/posts\/113664\/revisions"}],"wp:featuredmedia":[{"embeddable":true,"href":"https:\/\/www.europesays.com\/pt\/wp-json\/wp\/v2\/media\/113665"}],"wp:attachment":[{"href":"https:\/\/www.europesays.com\/pt\/wp-json\/wp\/v2\/media?parent=113664"}],"wp:term":[{"taxonomy":"category","embeddable":true,"href":"https:\/\/www.europesays.com\/pt\/wp-json\/wp\/v2\/categories?post=113664"},{"taxonomy":"post_tag","embeddable":true,"href":"https:\/\/www.europesays.com\/pt\/wp-json\/wp\/v2\/tags?post=113664"}],"curies":[{"name":"wp","href":"https:\/\/api.w.org\/{rel}","templated":true}]}}