{"id":113670,"date":"2025-10-16T20:10:16","date_gmt":"2025-10-16T20:10:16","guid":{"rendered":"https:\/\/www.europesays.com\/pt\/113670\/"},"modified":"2025-10-16T20:10:16","modified_gmt":"2025-10-16T20:10:16","slug":"identidade-da-famosa-rapariga-com-brinco-de-perola-de-vermeer-tera-sido-descoberta","status":"publish","type":"post","link":"https:\/\/www.europesays.com\/pt\/113670\/","title":{"rendered":"Identidade da famosa &#8220;Rapariga com brinco de P\u00e9rola&#8221; de Vermeer ter\u00e1 sido descoberta"},"content":{"rendered":"<p class=\"wp-caption-text top\">Geheugen van Nederland \/ Wikimedia<\/p>\n<p><img decoding=\"async\" loading=\"lazy\" class=\"size-kopa-image-size-3 wp-image-631653\" src=\"https:\/\/www.europesays.com\/pt\/wp-content\/uploads\/2025\/10\/1679091c5a880faf6fb5e6087eb1b2dc-783x450.jpg\" alt=\"\" width=\"700\" height=\"402\"  \/><\/p>\n<p class=\"wp-caption-text bot\">\u201cRapariga com o Brinco de P\u00e9rola\u201d, de Johannes Vermeer (detalhe)<\/p>\n<p><strong>O especialista brit\u00e2nico em arte Andrew Graham-Dixon acredita ter identificado a famosa figura retratada na obra-prima do pintor neerland\u00eas Johannes Vermeer, \u201cRapariga com Brinco de P\u00e9rola\u201d \u2014 e n\u00e3o \u00e9 quem a maioria dos estudiosos pensava.<\/strong><\/p>\n<p>O mist\u00e9rio em torno da identidade da enigm\u00e1tica protagonista do c\u00e9lebre quadro de <strong>Johannes Vermeer<\/strong> tem intrigado historiadores da arte h\u00e1 s\u00e9culos.<\/p>\n<p>Agora, um historiador de arte brit\u00e2nico acredita ter finalmente descoberto quem era a misteriosa rapariga retratada na ic\u00f3nica pintura \u201c<a href=\"https:\/\/zap.aeiou.pt\/rapariga-brinco-perola-especial-631569\" data-wpel-link=\"internal\" rel=\"nofollow noopener\" target=\"_blank\">Rapariga com Brinco de P\u00e9rola<\/a>\u201c, criada por volta de 1665 \u2014 uma obra que, ao longo do tempo, tem sido alvo de conjeturas e debates, sobretudo sobre a verdadeira identidade da jovem.<\/p>\n<p>Durante anos, sugeriu-se que poderia <strong>tratar-se da filha de Vermeer<\/strong>, ou talvez de uma sua criada. Mas o especialista <strong>Andrew Graham-Dixon<\/strong> afirma ter descoberto a <strong>verdadeira identidade da modelo<\/strong>, sustentando que a jovem retratada teria sido a <strong>filha dos mecenas de Vermeer,<\/strong> Pieter Claesz van Ruijven e Maria de Knuijt.<\/p>\n<p>Num artigo publicado no <a href=\"https:\/\/www.thetimes.com\/culture\/art\/article\/girl-pearl-earring-identity-revealed-confirmed-painting-johannes-vermeer-tcs7ll5vv\" data-wpel-link=\"external\" target=\"_blank\" rel=\"nofollow external noopener noreferrer\" class=\"ext-link\">The Sunday Times<\/a>, o historiador e especialista em Vermeer <strong>refuta as teorias mais populares<\/strong> que apontavam para que a jovem fosse a filha mais velha do pintor, Maria, ou uma das suas criadas.<\/p>\n<p>Em vez disso, baseia-se no facto de a pintura ter sido criada para os seus patronos, <strong>Pieter Claesz van Ruijven e Maria de Knuijt<\/strong>.<\/p>\n<p>Segundo Graham-Dixon, <strong>a rapariga teria cerca de 12 anos<\/strong>. Embora a filha mais velha de Vermeer, nascida em 1654, tivesse essa idade na altura, o historiador considera<strong> improv\u00e1vel que o artista retratasse a pr\u00f3pria filha<\/strong> numa obra destinada a outro casal.<\/p>\n<p>Assim, defende que a modelo teria de ser algu\u00e9m <strong>com import\u00e2ncia especial<\/strong> para van Ruijven e de Knuijt. \u201cH\u00e1 apenas uma candidata plaus\u00edvel: a filha deles, <strong>Magdalena van Ruijven<\/strong>\u201d, conclui Graham-Dixon.<\/p>\n<p>Magdalena nascera em 1655, o que a colocaria precisamente com cerca de 12 anos na altura em que a pintura foi criada. Os seus pais eram profundamente religiosos e pertenciam ao grupo crist\u00e3o evang\u00e9lico <strong>Remonstrantes<\/strong>, uma comunidade atualmente com cerca de 6 mil membros nos Pa\u00edses Baixos.<\/p>\n<p>Aos 12 anos, Magdalena <strong>poderia ter atingido a idade do batismo<\/strong> e feito o seu compromisso com a Igreja \u2014 e o quadro poderia ter sido encomendado como <strong>forma de assinalar essa passagem<\/strong>.<\/p>\n<p>\u201cA pintura poder\u00e1 ter sido feita antes ou depois do batismo, por isso \u00e9 prov\u00e1vel que tenha sido conclu\u00edda em 1667 ou 1668\u201d, diz Graham-Dixon.<\/p>\n<p>De acordo com Graham-Dixon, o <strong>simbolismo central da pintura<\/strong> \u00e9 de natureza b\u00edblica. Al\u00e9m disso, acredita que existe apenas uma figura das Escrituras que Magdalena van Ruijven <strong>poderia representar: Maria Madalena<\/strong>.<\/p>\n<p>Antes de mais, a jovem fora batizada com o nome de Magdalena, precisamente em <strong>homenagem a Maria Madalena<\/strong> \u2014 uma figura profundamente venerada entre os Remonstrantes.<\/p>\n<p class=\"wp-caption-text top\"><a href=\"https:\/\/commons.wikimedia.org\/wiki\/File:Den_Haag_-_Mauritshuis_-_Room_15_-_Johannes_Vermeer_%281632-1675%29_-_Girl_with_a_Pearl_Earring_c._1665_a.jpg\" rel=\"nofollow external noopener noreferrer\" data-wpel-link=\"external\" target=\"_blank\" class=\"ext-link\"> Txllxt TxllxT \/ Wikipedia<\/a><\/p>\n<p><img decoding=\"async\" loading=\"lazy\" class=\"size-kopa-image-size-3 wp-image-706497\" src=\"https:\/\/www.europesays.com\/pt\/wp-content\/uploads\/2025\/10\/65bea657c6b1e95156f12f5ceb06e792-783x450.jpg\" alt=\"\" width=\"700\" height=\"402\"  \/><\/p>\n<p class=\"wp-caption-text bot\">A \u201cRapariga com Brinco de P\u00e9rola\u201d poder\u00e1 ter sido a filha dos patronos de Johannes Vermeer<\/p>\n<p>N\u00e3o seria a primeira vez que Vermeer se<strong> inspirava na hist\u00f3ria de Maria Madalena<\/strong> em obras encomendadas pelos pais de Magdalena. Numa das primeiras pinturas encomendadas por esse casal, <strong>A Criada Adormecida<\/strong>, o pintor tamb\u00e9m teria recorrido \u00e0 narrativa de Maria Madalena, nota Graham-Dixon.<\/p>\n<p>Al\u00e9m disso, o historiador acredita que esta leitura explica a<strong> express\u00e3o enigm\u00e1tica<\/strong> da rapariga no quadro, diz o <a href=\"https:\/\/allthatsinteresting.com\/girl-with-a-pearl-earring-identity\" data-wpel-link=\"external\" target=\"_blank\" rel=\"nofollow external noopener noreferrer\" class=\"ext-link\">All That\u2019s Interesting<\/a>. Vermeer poder\u00e1 ter procurado retratar o momento b\u00edblico em que <strong>Maria Madalena entra no t\u00famulo de Jesus e <\/strong>o v\u00ea ressuscitado \u2014 primeiro sem compreender o que observa e, em seguida, reconhecendo a verdade.<\/p>\n<p><strong>Nem todos os especialistas, contudo, subscrevem a teoria<\/strong> de Graham-Dixon. Em declara\u00e7\u00f5es ao <a href=\"https:\/\/www.dailymail.co.uk\/news\/article-15186729\/Identity-Girl-Pearl-Earring-revealed-Vermeer-daughter.html\" data-wpel-link=\"external\" target=\"_blank\" rel=\"nofollow external noopener noreferrer\" class=\"ext-link\">Daily Mail<\/a> , a historiadora de arte <strong>Ruth Millington <\/strong>afirma que o retrato<strong> n\u00e3o representa uma pessoa real<\/strong> e que a arte nem sempre deve ser interpretada de forma biogr\u00e1fica.<\/p>\n<p>\u201c<strong>Os historiadores de arte adoram anunciar novas descobertas<\/strong>, mas esta teoria j\u00e1 existe h\u00e1 algum tempo\u201d, diz Millington.<\/p>\n<p>\u201cEspecialistas como a Dra. <strong>Judith Noorman<\/strong> j\u00e1 tinham defendido que a filha do mecenas de Vermeer seria a verdadeira Rapariga com Brinco de P\u00e9rola. Os artistas <strong>gostam de deixar-nos a adivinhar<\/strong> \u2014 \u00e9 isso que nos faz voltar a olhar para o quadro, vezes sem conta\u201d, conclui.<\/p>\n<p>    <a href=\"https:\/\/zap.aeiou.pt\/subscrever-newsletter\" data-wpel-link=\"internal\" rel=\"nofollow noopener\" target=\"_blank\">&#13;<br \/>\n        <img loading=\"lazy\" decoding=\"async\" class=\"aligncenter size-full wp-image-575475\" src=\"https:\/\/www.europesays.com\/pt\/wp-content\/uploads\/2025\/10\/1759862234_971_2d51fe4a0ba54894421ead1809309ed9-1-450x140.jpg\" alt=\"Subscreva a Newsletter ZAP\" width=\"450\" height=\"140\"\/>&#13;<br \/>\n    <\/a><\/p>\n<p>                <a href=\"https:\/\/whatsapp.com\/channel\/0029VaIC4EE2f3EJZPPSbR34\" data-wpel-link=\"external\" target=\"_blank\" rel=\"nofollow external noopener noreferrer\" class=\"ext-link\">&#13;<br \/>\n                    <img loading=\"lazy\" decoding=\"async\" class=\"aligncenter size-full wp-image-575475\" src=\"https:\/\/www.europesays.com\/pt\/wp-content\/uploads\/2025\/10\/1759862234_512_c68c559d956d4ca20f435ed74a6e71e6.png\" alt=\"Siga-nos no WhatsApp\" width=\"175\" height=\"64\"\/>&#13;<br \/>\n                <\/a><\/p>\n<p>                <a href=\"https:\/\/news.google.com\/publications\/CAAiEHRwZondIV71PDjWNoqMduEqFAgKIhB0cGaJ3SFe9Tw41jaKjHbh?hl=en-US&amp;gl=US&amp;ceid=US%3Aen\" data-wpel-link=\"external\" target=\"_blank\" rel=\"nofollow external noopener noreferrer\" class=\"ext-link\">&#13;<br \/>\n                    <img loading=\"lazy\" decoding=\"async\" class=\"aligncenter size-full wp-image-575475\" src=\"https:\/\/www.europesays.com\/pt\/wp-content\/uploads\/2025\/10\/1759862235_242_5123dd8b087b644fdb8f8603acd1bad4.png\" alt=\"Siga-nos no Google News\" width=\"176\" height=\"64\"\/>&#13;<br \/>\n                <\/a><\/p>\n","protected":false},"excerpt":{"rendered":"Geheugen van Nederland \/ Wikimedia \u201cRapariga com o Brinco de P\u00e9rola\u201d, de Johannes Vermeer (detalhe) O especialista brit\u00e2nico&hellip;\n","protected":false},"author":2,"featured_media":113671,"comment_status":"","ping_status":"","sticky":false,"template":"","format":"standard","meta":{"footnotes":""},"categories":[144],"tags":[207,205,206,203,201,202,315,204,114,115,736,6899,32,33,4516],"class_list":{"0":"post-113670","1":"post","2":"type-post","3":"status-publish","4":"format-standard","5":"has-post-thumbnail","7":"category-arte-e-design","8":"tag-arte","9":"tag-arte-e-design","10":"tag-artedesign","11":"tag-arts","12":"tag-arts-and-design","13":"tag-artsanddesign","14":"tag-cultura","15":"tag-design","16":"tag-entertainment","17":"tag-entretenimento","18":"tag-historia","19":"tag-pintura","20":"tag-portugal","21":"tag-pt","22":"tag-religiao"},"share_on_mastodon":{"url":"","error":""},"_links":{"self":[{"href":"https:\/\/www.europesays.com\/pt\/wp-json\/wp\/v2\/posts\/113670","targetHints":{"allow":["GET"]}}],"collection":[{"href":"https:\/\/www.europesays.com\/pt\/wp-json\/wp\/v2\/posts"}],"about":[{"href":"https:\/\/www.europesays.com\/pt\/wp-json\/wp\/v2\/types\/post"}],"author":[{"embeddable":true,"href":"https:\/\/www.europesays.com\/pt\/wp-json\/wp\/v2\/users\/2"}],"replies":[{"embeddable":true,"href":"https:\/\/www.europesays.com\/pt\/wp-json\/wp\/v2\/comments?post=113670"}],"version-history":[{"count":0,"href":"https:\/\/www.europesays.com\/pt\/wp-json\/wp\/v2\/posts\/113670\/revisions"}],"wp:featuredmedia":[{"embeddable":true,"href":"https:\/\/www.europesays.com\/pt\/wp-json\/wp\/v2\/media\/113671"}],"wp:attachment":[{"href":"https:\/\/www.europesays.com\/pt\/wp-json\/wp\/v2\/media?parent=113670"}],"wp:term":[{"taxonomy":"category","embeddable":true,"href":"https:\/\/www.europesays.com\/pt\/wp-json\/wp\/v2\/categories?post=113670"},{"taxonomy":"post_tag","embeddable":true,"href":"https:\/\/www.europesays.com\/pt\/wp-json\/wp\/v2\/tags?post=113670"}],"curies":[{"name":"wp","href":"https:\/\/api.w.org\/{rel}","templated":true}]}}