{"id":113691,"date":"2025-10-16T20:29:09","date_gmt":"2025-10-16T20:29:09","guid":{"rendered":"https:\/\/www.europesays.com\/pt\/113691\/"},"modified":"2025-10-16T20:29:09","modified_gmt":"2025-10-16T20:29:09","slug":"george-russell-passa-a-ter-o-terceiro-maior-salario-da-formula-1","status":"publish","type":"post","link":"https:\/\/www.europesays.com\/pt\/113691\/","title":{"rendered":"George Russell passa a ter o terceiro maior sal\u00e1rio da F\u00f3rmula 1"},"content":{"rendered":"<p>O novo contrato de George Russell com a Mercedes far\u00e1 do brit\u00e2nico um dos pilotos mais bem pagos da F\u00f3rmula 1, revelaram os jornais brit\u00e2nicos The Express e The Daily Mail.<\/p>\n<p>Segundo as publica\u00e7\u00f5es, Russell ir\u00e1 auferir cerca de 35 milh\u00f5es de euros por temporada, o que o coloca em terceiro lugar na lista dos sal\u00e1rios mais altos da F\u00f3rmula 1.<\/p>\n<p>A primeira posi\u00e7\u00e3o \u00e9 ocupada por Max Verstappen, piloto da Red Bull, com 55 milh\u00f5es de euros anuais.<\/p>\n<p>E a segunda por Lewis Hamilton, sete vezes campe\u00e3o mundial, que a partir da pr\u00f3xima temporada corre pela Ferrari por 52 milh\u00f5es.<\/p>\n<p>Oficialmente, a Mercedes confirmou apenas que o contrato de Russell \u00e9 por \u00abmais anos\u00bb, mas tamb\u00e9m o anunciou juntamente com Andrea Kimi Antonelli.<\/p>\n<p>Acredita-se que o novo v\u00ednculo de Russell seja, pelo menos, por mais duas temporadas. A demora na oficializa\u00e7\u00e3o do acordo esteve relacionada com as negocia\u00e7\u00f5es sobre a dura\u00e7\u00e3o do contrato.<\/p>\n","protected":false},"excerpt":{"rendered":"O novo contrato de George Russell com a Mercedes far\u00e1 do brit\u00e2nico um dos pilotos mais bem pagos&hellip;\n","protected":false},"author":2,"featured_media":113692,"comment_status":"","ping_status":"","sticky":false,"template":"","format":"standard","meta":{"footnotes":""},"categories":[87],"tags":[135,32,33,134],"class_list":{"0":"post-113691","1":"post","2":"type-post","3":"status-publish","4":"format-standard","5":"has-post-thumbnail","7":"category-desporto","8":"tag-desporto","9":"tag-portugal","10":"tag-pt","11":"tag-sports"},"share_on_mastodon":{"url":"","error":""},"_links":{"self":[{"href":"https:\/\/www.europesays.com\/pt\/wp-json\/wp\/v2\/posts\/113691","targetHints":{"allow":["GET"]}}],"collection":[{"href":"https:\/\/www.europesays.com\/pt\/wp-json\/wp\/v2\/posts"}],"about":[{"href":"https:\/\/www.europesays.com\/pt\/wp-json\/wp\/v2\/types\/post"}],"author":[{"embeddable":true,"href":"https:\/\/www.europesays.com\/pt\/wp-json\/wp\/v2\/users\/2"}],"replies":[{"embeddable":true,"href":"https:\/\/www.europesays.com\/pt\/wp-json\/wp\/v2\/comments?post=113691"}],"version-history":[{"count":0,"href":"https:\/\/www.europesays.com\/pt\/wp-json\/wp\/v2\/posts\/113691\/revisions"}],"wp:featuredmedia":[{"embeddable":true,"href":"https:\/\/www.europesays.com\/pt\/wp-json\/wp\/v2\/media\/113692"}],"wp:attachment":[{"href":"https:\/\/www.europesays.com\/pt\/wp-json\/wp\/v2\/media?parent=113691"}],"wp:term":[{"taxonomy":"category","embeddable":true,"href":"https:\/\/www.europesays.com\/pt\/wp-json\/wp\/v2\/categories?post=113691"},{"taxonomy":"post_tag","embeddable":true,"href":"https:\/\/www.europesays.com\/pt\/wp-json\/wp\/v2\/tags?post=113691"}],"curies":[{"name":"wp","href":"https:\/\/api.w.org\/{rel}","templated":true}]}}