{"id":113693,"date":"2025-10-16T20:30:08","date_gmt":"2025-10-16T20:30:08","guid":{"rendered":"https:\/\/www.europesays.com\/pt\/113693\/"},"modified":"2025-10-16T20:30:08","modified_gmt":"2025-10-16T20:30:08","slug":"estudo-encontra-nova-explicacao-para-a-alta-prevalencia-de-alzheimer-entre-quem-tem-sindrome-de-down","status":"publish","type":"post","link":"https:\/\/www.europesays.com\/pt\/113693\/","title":{"rendered":"Estudo encontra nova explica\u00e7\u00e3o para a alta preval\u00eancia de Alzheimer entre quem tem s\u00edndrome de Down"},"content":{"rendered":"<p data-component-name=\"paragraph\" class=\"styles__ParagraphStyled-sc-6adecn-0 gsLklW  \">A <a href=\"https:\/\/www.estadao.com.br\/tudo-sobre\/sindrome-de-down\/\" target=\"_blank\" rel=\"nofollow noopener\" title=\"https:\/\/www.estadao.com.br\/tudo-sobre\/sindrome-de-down\/\"><strong>s\u00edndrome de Down<\/strong><\/a> est\u00e1 associada a um <a href=\"https:\/\/www.estadao.com.br\/tudo-sobre\/envelhecimento\/\" target=\"_blank\" rel=\"nofollow noopener\" title=\"https:\/\/www.estadao.com.br\/tudo-sobre\/envelhecimento\/\"><strong>envelhecimento<\/strong><\/a> acelerado, e estima-se que at\u00e9 90% dos indiv\u00edduos com a condi\u00e7\u00e3o desenvolvam a <a href=\"https:\/\/www.estadao.com.br\/tudo-sobre\/alzheimer\/\" target=\"_blank\" rel=\"nofollow noopener\" title=\"https:\/\/www.estadao.com.br\/tudo-sobre\/alzheimer\/\"><strong>doen\u00e7a de Alzheimer<\/strong><\/a> antes dos 70 anos. Um estudo conduzido por pesquisadores da Universidade de S\u00e3o Paulo (USP) identificou padr\u00f5es elevados de neuroinflama\u00e7\u00e3o, j\u00e1 na juventude, em indiv\u00edduos com a s\u00edndrome \u2013 um componente a mais para explicar a alta preval\u00eancia da doen\u00e7a de Alzheimer em pessoas idosas com s\u00edndrome de Down. A descoberta abre caminho para estrat\u00e9gias de preven\u00e7\u00e3o e acompanhamento da doen\u00e7a.<\/p>\n<p>O trabalho, <a href=\"https:\/\/alz-journals.onlinelibrary.wiley.com\/doi\/full\/10.1002\/alz.70449\" target=\"_blank\" rel=\"nofollow noopener\" title=\"https:\/\/alz-journals.onlinelibrary.wiley.com\/doi\/full\/10.1002\/alz.70449\"><strong>publicado na revista <\/strong><strong>Alzheimer\u2019s &amp; Dementia<\/strong><\/a> e apoiado pela <a href=\"https:\/\/www.estadao.com.br\/tudo-sobre\/fapesp-fundacao-de-amparo-a-pesquisa-do-estado-de-sao-paulo\/\" target=\"_blank\" rel=\"nofollow noopener\" title=\"https:\/\/www.estadao.com.br\/tudo-sobre\/fapesp-fundacao-de-amparo-a-pesquisa-do-estado-de-sao-paulo\/\"><strong>Funda\u00e7\u00e3o de Amparo \u00e0 Pesquisa do Estado de S\u00e3o Paulo (Fapesp)<\/strong><\/a>, \u00e9 o primeiro a mapear, por meio de t\u00e9cnicas de medicina nuclear, os padr\u00f5es de neuroinflama\u00e7\u00e3o em pessoas com a s\u00edndrome de Down.<\/p>\n<p>Al\u00e9m da neuroinflama\u00e7\u00e3o, os pesquisadores tamb\u00e9m verificaram um marcador importante da doen\u00e7a de Alzheimer: a placa beta-amiloide \u2013 formada por fragmentos de pept\u00eddeo amiloide que se depositam entre os neur\u00f4nios causando inflama\u00e7\u00e3o e interrompendo a comunica\u00e7\u00e3o neural.<\/p>\n<p><img  loading=\"lazy\" class=\"lazy-load-img\"\/><\/p>\n<p>Estima-se que at\u00e9 90% das pessoas com s\u00edndrome de Down desenvolvam a doen\u00e7a de Alzheimer antes dos 70 anos\u00a0Foto:  Aiman \u200b\u200b\u200b\u200bDayrabayeva\/Adobe Stock<\/p>\n<p data-component-name=\"paragraph\" class=\"styles__ParagraphStyled-sc-6adecn-0 gsLklW  \">\u201cJ\u00e1 se sabia que o processo de envelhecimento nessa popula\u00e7\u00e3o ocorre de maneira mais acelerada, quando comparado com pessoas sem a s\u00edndrome, sendo que a doen\u00e7a de Alzheimer j\u00e1 se manifesta em pessoas na faixa dos 40 anos, por exemplo. Tamb\u00e9m j\u00e1 se sabia que o risco de doen\u00e7a de Alzheimer \u00e9 aumentado nas pessoas com s\u00edndrome de Down por uma quest\u00e3o gen\u00e9tica: o gene da prote\u00edna precursora amiloide [APP] est\u00e1 localizado no cromossomo 21, que \u00e9 triplicado na s\u00edndrome de Down, fazendo com que esses indiv\u00edduos produzam mais beta-amiloide \u2013 uma caracter\u00edstica da doen\u00e7a de Alzheimer\u201d, explica Daniele de Paula Faria, pesquisadora do Laborat\u00f3rio de Medicina Nuclear do Hospital das Cl\u00ednicas da Faculdade de Medicina da USP.<\/p>\n<p data-component-name=\"paragraph\" class=\"styles__ParagraphStyled-sc-6adecn-0 gsLklW  \">O que o estudo revela de forma in\u00e9dita \u00e9 que a neuroinflama\u00e7\u00e3o tamb\u00e9m se manifesta precocemente, j\u00e1 aos 20 anos, e pode contribuir diretamente para o desenvolvimento da doen\u00e7a de Alzheimer. \u201cNo estudo identificamos uma rela\u00e7\u00e3o muito clara: quanto mais neuroinflama\u00e7\u00e3o, mais deposi\u00e7\u00e3o de placa beta-amiloide. Isso nos permite pensar nesse processo como um poss\u00edvel alvo terap\u00eautico\u201d, afirma Daniele.<\/p>\n<p>Como foi feito o estudo<\/p>\n<p data-component-name=\"paragraph\" class=\"styles__ParagraphStyled-sc-6adecn-0 gsLklW  \">A pesquisa comparou padr\u00f5es de neuroinflama\u00e7\u00e3o de 29 indiv\u00edduos com s\u00edndrome de Down com 35 sem a condi\u00e7\u00e3o \u2013 os participantes tinham entre 20 e 50 anos. A neuroinflama\u00e7\u00e3o foi monitorada por meio de tomografia por emiss\u00e3o de p\u00f3sitrons (PET), utilizando radiof\u00e1rmacos espec\u00edficos. A t\u00e9cnica permite visualizar em tempo real tanto a forma\u00e7\u00e3o das placas beta-amiloide quanto os processos inflamat\u00f3rios no c\u00e9rebro vivo.<\/p>\n<p data-component-name=\"paragraph\" class=\"styles__ParagraphStyled-sc-6adecn-0 gsLklW  \">Os resultados mostraram maior neuroinflama\u00e7\u00e3o nas regi\u00f5es frontal, temporal, occipital e l\u00edmbica do c\u00e9rebro de pessoas com s\u00edndrome de Down, inclusive entre jovens de 20 a 34 anos. Isso sugere que o processo de neuroinflama\u00e7\u00e3o possa come\u00e7ar antes da <a href=\"https:\/\/www.estadao.com.br\/saude\/precisamos-de-uma-descoberta-fantastica-contra-o-alzheimer-reflete-premiado-pesquisador-brasileiro\/\" target=\"_blank\" rel=\"nofollow noopener\" title=\"https:\/\/www.estadao.com.br\/saude\/precisamos-de-uma-descoberta-fantastica-contra-o-alzheimer-reflete-premiado-pesquisador-brasileiro\/\"><strong>forma\u00e7\u00e3o das placas beta-amiloide<\/strong><\/a>. A correla\u00e7\u00e3o entre carga inflamat\u00f3ria e ac\u00famulo de beta-amiloide foi especialmente evidente em adultos acima dos 50 anos.<\/p>\n<p data-component-name=\"paragraph\" class=\"styles__ParagraphStyled-sc-6adecn-0 gsLklW  \">Al\u00e9m das an\u00e1lises em humanos, os pesquisadores tamb\u00e9m acompanharam, ao longo de dois anos, a progress\u00e3o da neuroinflama\u00e7\u00e3o em camundongos modificados geneticamente para desenvolver uma condi\u00e7\u00e3o semelhante \u00e0 s\u00edndrome de Down. \u201cCom equipamentos espec\u00edficos para pequenos animais, conseguimos acompanhar toda a evolu\u00e7\u00e3o da doen\u00e7a. Os dados dos camundongos, somados aos dos humanos, oferecem respostas valiosas sobre o envelhecimento de pessoas com s\u00edndrome de Down\u201d, destaca Daniele.<\/p>\n<p>Processo bif\u00e1sico<\/p>\n<p data-component-name=\"paragraph\" class=\"styles__ParagraphStyled-sc-6adecn-0 gsLklW  \">O processo de neuroinflama\u00e7\u00e3o observado nas pessoas com s\u00edndrome de Down parece seguir um padr\u00e3o bif\u00e1sico. A micr\u00f3glia \u2013 c\u00e9lula de defesa do c\u00e9rebro \u2013 atua de forma protetora, combatendo altera\u00e7\u00f5es causadas pela s\u00edndrome, mas, com o tempo, essa resposta se torna pr\u00f3-inflamat\u00f3ria, podendo agravar os danos neuronais. \u201c\u00c9 como se o c\u00e9rebro tentasse se proteger, mas acabasse contribuindo para o problema\u201d, explica a pesquisadora.<\/p>\n<p data-component-name=\"paragraph\" class=\"styles__ParagraphStyled-sc-6adecn-0 gsLklW  \">Embora a doen\u00e7a de Alzheimer ainda n\u00e3o tenha cura nem uma causa \u00fanica definida, muito menos se saiba se a neuroinflama\u00e7\u00e3o vem antes ou depois da deposi\u00e7\u00e3o de placas, o estudo traz avan\u00e7os importantes sobre a doen\u00e7a nas pessoas com s\u00edndrome de Down.<\/p>\n<p data-component-name=\"paragraph\" class=\"styles__ParagraphStyled-sc-6adecn-0 gsLklW  \">\u201cO nosso estudo refor\u00e7a a hip\u00f3tese de que a neuroinflama\u00e7\u00e3o precede as placas beta-amiloide para a popula\u00e7\u00e3o com s\u00edndrome de Down. Isso abre caminho para o desenvolvimento de terapias que possam retardar ou bloquear esse processo inflamat\u00f3rio e, com isso, postergar o in\u00edcio da doen\u00e7a de Alzheimer\u201d, diz a cientista.<\/p>\n<p data-component-name=\"paragraph\" class=\"styles__ParagraphStyled-sc-6adecn-0 gsLklW  \">Al\u00e9m de revelar um novo marcador precoce da doen\u00e7a, o estudo apresenta uma ferramenta de imagem capaz de monitorar a neuroinflama\u00e7\u00e3o em tempo real. \u201cMostramos que \u00e9 poss\u00edvel detectar a inflama\u00e7\u00e3o em pacientes vivos, o que permite acompanhar a efic\u00e1cia dos tratamentos. Essa tecnologia tamb\u00e9m abre portas para incluir pessoas com s\u00edndrome de Down em estudos cl\u00ednicos sobre doen\u00e7a de Alzheimer. Trata-se de uma popula\u00e7\u00e3o muito importante por ter padr\u00f5es de desenvolvimento da doen\u00e7a diferentes da popula\u00e7\u00e3o em geral. S\u00f3 assim poderemos oferecer tratamentos eficazes e personalizados\u201d, conclui Daniele.<\/p>\n","protected":false},"excerpt":{"rendered":"A s\u00edndrome de Down est\u00e1 associada a um envelhecimento acelerado, e estima-se que at\u00e9 90% dos indiv\u00edduos com&hellip;\n","protected":false},"author":2,"featured_media":113694,"comment_status":"","ping_status":"","sticky":false,"template":"","format":"standard","meta":{"footnotes":""},"categories":[86],"tags":[26733,1772,5486,26734,22863,17918,26735,26736,13685,21094,26737,4187,14150,1098,1581,12593,26738,4192,19849,181,116,7365,183,26739,186,26740,1109,4198,1113,4201,32,7500,26741,26742,10343,33,26743,117,4204,12610,3154,19630,10480,26744,26745,26746,11786,26747,200,1378,7429,7430],"class_list":{"0":"post-113693","1":"post","2":"type-post","3":"status-publish","4":"format-standard","5":"has-post-thumbnail","7":"category-saude","8":"tag-architect","9":"tag-background","10":"tag-care","11":"tag-castle","12":"tag-celebration","13":"tag-cheerful","14":"tag-chromosome","15":"tag-construction","16":"tag-development","17":"tag-diversity","18":"tag-down-syndrome","19":"tag-elderly","20":"tag-emotions","21":"tag-female","22":"tag-friends","23":"tag-funny","24":"tag-genetics","25":"tag-hand","26":"tag-happiness","27":"tag-happy","28":"tag-health","29":"tag-holding","30":"tag-home","31":"tag-houses","32":"tag-lifestyle","33":"tag-make","34":"tag-mental","35":"tag-old","36":"tag-person","37":"tag-portrait","38":"tag-portugal","39":"tag-protection","40":"tag-psyche","41":"tag-psychiatry","42":"tag-psychology","43":"tag-pt","44":"tag-relatives","45":"tag-saude","46":"tag-senior","47":"tag-small","48":"tag-smart","49":"tag-smiling","50":"tag-space","51":"tag-stereotype","52":"tag-structure","53":"tag-syndrome","54":"tag-table","55":"tag-toy","56":"tag-woman","57":"tag-women","58":"tag-wood","59":"tag-wooden"},"share_on_mastodon":{"url":"","error":""},"_links":{"self":[{"href":"https:\/\/www.europesays.com\/pt\/wp-json\/wp\/v2\/posts\/113693","targetHints":{"allow":["GET"]}}],"collection":[{"href":"https:\/\/www.europesays.com\/pt\/wp-json\/wp\/v2\/posts"}],"about":[{"href":"https:\/\/www.europesays.com\/pt\/wp-json\/wp\/v2\/types\/post"}],"author":[{"embeddable":true,"href":"https:\/\/www.europesays.com\/pt\/wp-json\/wp\/v2\/users\/2"}],"replies":[{"embeddable":true,"href":"https:\/\/www.europesays.com\/pt\/wp-json\/wp\/v2\/comments?post=113693"}],"version-history":[{"count":0,"href":"https:\/\/www.europesays.com\/pt\/wp-json\/wp\/v2\/posts\/113693\/revisions"}],"wp:featuredmedia":[{"embeddable":true,"href":"https:\/\/www.europesays.com\/pt\/wp-json\/wp\/v2\/media\/113694"}],"wp:attachment":[{"href":"https:\/\/www.europesays.com\/pt\/wp-json\/wp\/v2\/media?parent=113693"}],"wp:term":[{"taxonomy":"category","embeddable":true,"href":"https:\/\/www.europesays.com\/pt\/wp-json\/wp\/v2\/categories?post=113693"},{"taxonomy":"post_tag","embeddable":true,"href":"https:\/\/www.europesays.com\/pt\/wp-json\/wp\/v2\/tags?post=113693"}],"curies":[{"name":"wp","href":"https:\/\/api.w.org\/{rel}","templated":true}]}}