{"id":113703,"date":"2025-10-16T20:43:09","date_gmt":"2025-10-16T20:43:09","guid":{"rendered":"https:\/\/www.europesays.com\/pt\/113703\/"},"modified":"2025-10-16T20:43:09","modified_gmt":"2025-10-16T20:43:09","slug":"martim-neto-e-a-saida-do-benfica-e-muito-dificil-dizer-que-nao-ao-elche","status":"publish","type":"post","link":"https:\/\/www.europesays.com\/pt\/113703\/","title":{"rendered":"Martim Neto e a sa\u00edda do Benfica: \u00ab\u00c9 muito dif\u00edcil dizer que n\u00e3o ao Elche\u00bb"},"content":{"rendered":"<p>Formado no <a class=\"autolink-enabled\" data-resource-id=\"450\" data-resource-type=\"team\" data-sport=\"football\" href=\"https:\/\/www.abola.pt\/futebol\/benfica-450\" rel=\"nofollow noopener\" target=\"_blank\">Benfica<\/a>, <a class=\"autolink-enabled\" data-resource-id=\"232732\" data-resource-type=\"player\" data-sport=\"football\" href=\"https:\/\/www.abola.pt\/futebol\/jogador\/martim-neto-232732\" rel=\"nofollow noopener\" target=\"_blank\">Martim Neto<\/a> deixou Portugal para rumar ao <a class=\"autolink-enabled\" data-resource-id=\"213\" data-resource-type=\"team\" data-sport=\"football\" href=\"https:\/\/www.abola.pt\/futebol\/elche-213\" rel=\"nofollow noopener\" target=\"_blank\">Elche<\/a>, em definitivo e por 1,5 milh\u00f5es de euros, este ver\u00e3o, depois de dois empr\u00e9stimos ao <a class=\"autolink-enabled\" data-resource-id=\"447\" data-resource-type=\"team\" data-sport=\"football\" href=\"https:\/\/www.abola.pt\/futebol\/gil-vicente-447\" rel=\"nofollow noopener\" target=\"_blank\">Gil Vicente<\/a> e <a class=\"autolink-enabled\" data-resource-id=\"442\" data-resource-type=\"team\" data-sport=\"football\" href=\"https:\/\/www.abola.pt\/futebol\/rio-ave-442\" rel=\"nofollow noopener\" target=\"_blank\">Rio Ave<\/a>, e est\u00e1 a brilhar na <a class=\"autolink-enabled\" data-resource-id=\"5\" data-resource-type=\"competition\" data-sport=\"football\" href=\"https:\/\/www.abola.pt\/futebol\/competicao\/laliga-5\" rel=\"nofollow noopener\" target=\"_blank\">LaLiga<\/a>, numa equipa rec\u00e9m-promovido ao principal escal\u00e3o do futebol espanhol e que ocupa o s\u00e9timo lugar.<\/p>\n<p>Para j\u00e1, soma seis jogos na liga espanhola, tr\u00eas deles a titular, e ainda duas assist\u00eancias, sendo que assistiu precisamente na sua estreia com o <a target=\"_blank\" class=\"editor-link autolink-enabled\" href=\"https:\/\/www.abola.pt\/futebol\/betis-215\" data-resource-id=\"215\" data-resource-type=\"team\" data-sport=\"football\" rel=\"nofollow noopener\">Betis<\/a> (1-1). At\u00e9 ao \u00faltimo jogo, a sua equipa estava imbat\u00edvel, mas perderam em casa do <a target=\"_blank\" class=\"editor-link autolink-enabled\" href=\"https:\/\/www.abola.pt\/futebol\/alaves-219\" data-resource-id=\"219\" data-resource-type=\"team\" data-sport=\"football\" rel=\"nofollow noopener\">Alav\u00e9s<\/a> (1-3) e agora recebem o <a target=\"_blank\" class=\"editor-link autolink-enabled\" href=\"https:\/\/www.abola.pt\/futebol\/athletic-bilbao-198\" data-resource-id=\"198\" data-resource-type=\"team\" data-sport=\"football\" rel=\"nofollow noopener\">Athletic Bilbao<\/a> no regresso dos jogos de clubes.<\/p>\n<p>\u00abO balne\u00e1rio est\u00e1 sempre bem, temos um grupo muito bom. Nestes dias pudemos descansar um pouco e agora estamos focados no jogo frente ao\u00a0<a target=\"_blank\" class=\"editor-link autolink-enabled\" href=\"https:\/\/www.abola.pt\/futebol\/athletic-bilbao-198\" data-resource-id=\"198\" data-resource-type=\"team\" data-sport=\"football\" rel=\"nofollow noopener\">Athletic Bilbao<\/a>. O grupo \u00e9 muito bom, integraram-me muito bem desde o primeiro dia. J\u00e1 me sinto em casa. Estou muito contente com o grupo, estamos a fazer muitas coisas bem. Temos de continuar assim\u00bb, come\u00e7ou por dizer, em confer\u00eancia de imprensa, desvalorizando o facto de ter sa\u00eddo ao intervalo do jogo anterior.<\/p>\n<p>\u00abSinto-me muito bem. S\u00e3o decis\u00f5es do treinador sobre a substitui\u00e7\u00e3o em Mendizorroza ap\u00f3s ter entrado ao intervalo. Tivemos a expuls\u00e3o, foi uma altera\u00e7\u00e3o t\u00e1tica que pode acontecer, foi isso que o treinador me disse\u00bb, explicou, apontando a melhorar diariamente.<\/p>\n<p>\u00abEstou focado em trabalhar no dia a dia com os meus companheiros, em melhorar e continuar a ser melhor jogador.\u00a0O que eu quero \u00e9 jogar. Dentro de campo, em qualquer posi\u00e7\u00e3o, sinto-me confort\u00e1vel. Ao ajudar a equipa a jogar bem e a ganhar jogos, j\u00e1 me sinto confort\u00e1vel\u00bb, garantiu, recordando a sa\u00edda do <a class=\"autolink-enabled\" data-resource-id=\"450\" data-resource-type=\"team\" data-sport=\"football\" href=\"https:\/\/www.abola.pt\/futebol\/benfica-450\" rel=\"nofollow noopener\" target=\"_blank\">Benfica<\/a>.<\/p>\n<p>\u00abQuando soube do interesse do <a class=\"autolink-enabled\" data-resource-id=\"213\" data-resource-type=\"team\" data-sport=\"football\" href=\"https:\/\/www.abola.pt\/futebol\/elche-213\" rel=\"nofollow noopener\" target=\"_blank\">Elche<\/a>, chamou-me muito a aten\u00e7\u00e3o o projeto. Depois de falar com Sarabia [treinador] senti-me muito \u00e0 vontade e com vontade de vir. Quando se conhece uma equipa como o <a class=\"autolink-enabled\" data-resource-id=\"213\" data-resource-type=\"team\" data-sport=\"football\" href=\"https:\/\/www.abola.pt\/futebol\/elche-213\" rel=\"nofollow noopener\" target=\"_blank\">Elche<\/a> e um campeonato como a <a class=\"autolink-enabled\" data-resource-id=\"5\" data-resource-type=\"competition\" data-sport=\"football\" href=\"https:\/\/www.abola.pt\/futebol\/competicao\/laliga-5\" rel=\"nofollow noopener\" target=\"_blank\">LaLiga<\/a>, \u00e9 muito dif\u00edcil dizer que n\u00e3o\u00bb, finalizou.<\/p>\n","protected":false},"excerpt":{"rendered":"Formado no Benfica, Martim Neto deixou Portugal para rumar ao Elche, em definitivo e por 1,5 milh\u00f5es de&hellip;\n","protected":false},"author":2,"featured_media":113704,"comment_status":"","ping_status":"","sticky":false,"template":"","format":"standard","meta":{"footnotes":""},"categories":[87],"tags":[135,32,33,134],"class_list":{"0":"post-113703","1":"post","2":"type-post","3":"status-publish","4":"format-standard","5":"has-post-thumbnail","7":"category-desporto","8":"tag-desporto","9":"tag-portugal","10":"tag-pt","11":"tag-sports"},"share_on_mastodon":{"url":"","error":""},"_links":{"self":[{"href":"https:\/\/www.europesays.com\/pt\/wp-json\/wp\/v2\/posts\/113703","targetHints":{"allow":["GET"]}}],"collection":[{"href":"https:\/\/www.europesays.com\/pt\/wp-json\/wp\/v2\/posts"}],"about":[{"href":"https:\/\/www.europesays.com\/pt\/wp-json\/wp\/v2\/types\/post"}],"author":[{"embeddable":true,"href":"https:\/\/www.europesays.com\/pt\/wp-json\/wp\/v2\/users\/2"}],"replies":[{"embeddable":true,"href":"https:\/\/www.europesays.com\/pt\/wp-json\/wp\/v2\/comments?post=113703"}],"version-history":[{"count":0,"href":"https:\/\/www.europesays.com\/pt\/wp-json\/wp\/v2\/posts\/113703\/revisions"}],"wp:featuredmedia":[{"embeddable":true,"href":"https:\/\/www.europesays.com\/pt\/wp-json\/wp\/v2\/media\/113704"}],"wp:attachment":[{"href":"https:\/\/www.europesays.com\/pt\/wp-json\/wp\/v2\/media?parent=113703"}],"wp:term":[{"taxonomy":"category","embeddable":true,"href":"https:\/\/www.europesays.com\/pt\/wp-json\/wp\/v2\/categories?post=113703"},{"taxonomy":"post_tag","embeddable":true,"href":"https:\/\/www.europesays.com\/pt\/wp-json\/wp\/v2\/tags?post=113703"}],"curies":[{"name":"wp","href":"https:\/\/api.w.org\/{rel}","templated":true}]}}