{"id":113721,"date":"2025-10-16T20:57:08","date_gmt":"2025-10-16T20:57:08","guid":{"rendered":"https:\/\/www.europesays.com\/pt\/113721\/"},"modified":"2025-10-16T20:57:08","modified_gmt":"2025-10-16T20:57:08","slug":"telefone-preto-palhaco-assassino-inspirou-filme-16-10-2025-ilustrada","status":"publish","type":"post","link":"https:\/\/www.europesays.com\/pt\/113721\/","title":{"rendered":"Telefone Preto: Palha\u00e7o assassino inspirou filme &#8211; 16\/10\/2025 &#8211; Ilustrada"},"content":{"rendered":"<p>O palha\u00e7o assassino do filme &#8220;<a href=\"https:\/\/www1.folha.uol.com.br\/ilustrada\/2022\/07\/o-telefone-preto-testa-apelo-dos-filmes-de-terror-e-da-blumhouse-com-a-pandemia.shtml\" rel=\"nofollow noopener\" target=\"\">Telefone Preto 2<\/a>&#8221; tem inspira\u00e7\u00e3o no caso de um dos maiores assassinos dos Estados Unidos. O filme estreou nos cinemas nesta quinta-feira (16) e conta a hist\u00f3ria de Finney, homem que conseguiu escapar do cativeiro do Sequestrador, um serial killer que captura crian\u00e7as e as tranca em seu por\u00e3o para tortur\u00e1-las.<\/p>\n<p>O longa se baseia no conto &#8220;Fantasmas do S\u00e9culo 20&#8221;, de Joe Hill, filho de <a href=\"https:\/\/www1.folha.uol.com.br\/ilustrada\/2024\/03\/lembre-7-livros-essenciais-de-stephen-king-que-estreou-na-literatura-ha-50-anos.shtml\" rel=\"nofollow noopener\" target=\"\">Stephen King<\/a>. O escritor, por sua vez, se baseou na hist\u00f3ria do criminoso <a href=\"https:\/\/www1.folha.uol.com.br\/fsp\/1994\/5\/10\/mundo\/5.html\" rel=\"nofollow noopener\" target=\"\">John Wayne Gacy<\/a>, que ficou conhecido como o Sequestrador.<\/p>\n<p>Em Chicago, nos Estados Unidos, entre 1972 e 1978, Gacy fazia trabalhos volunt\u00e1rios em hospitais infantis vestido de &#8220;Pogo, o Palha\u00e7o&#8221;. Durante este per\u00edodo, ele sequestrou, estuprou e assassinou pelo menos 33 jovens. Muitos eram garotos de programa ou eram atra\u00eddas pelas apresenta\u00e7\u00f5es do palha\u00e7o nas escolas.<\/p>\n<p>As v\u00edtimas eram estranguladas ou asfixiadas. Todos os assassinatos conhecidos foram cometidos em sua pr\u00f3pria casa, onde ele tamb\u00e9m enterrou 26 corpos (outros foram encontrados em canais de Chicago). Antes de ser executado, Gacy confessou todos os crimes e chegou a desenhar um mapa para ajudar a pol\u00edcia a localizar os corpos<\/p>\n<p>Em 1980, ele <a href=\"https:\/\/www1.folha.uol.com.br\/fsp\/1994\/5\/03\/mundo\/10.html\" rel=\"nofollow noopener\" target=\"\">foi condenado \u00e0 morte pelos crimes cometidos<\/a>. A investiga\u00e7\u00e3o descobriu que o palha\u00e7o atacava as v\u00edtimas em esta\u00e7\u00f5es de \u00f4nibus, buscando pessoas que estivessem viajando. Cinco das v\u00edtimas permanecem n\u00e3o identificadas.<\/p>\n<p>De acordo com biografias e estudos, Gacy foi diagnosticado com transtornos mentais e jamais expressou remorso pelos seus crimes. Suas \u00faltimas palavras foram &#8220;beije minha bunda&#8221;.<\/p>\n<p>&#8220;Telefone Preto 2&#8221; tem dire\u00e7\u00e3o de Scott Derrickson, roteiro de Scott Derrickson e C. Robert Cargill. Mason Thames, Madeleine McGraw e Ethan Hawke est\u00e3o no elenco.<\/p>\n","protected":false},"excerpt":{"rendered":"O palha\u00e7o assassino do filme &#8220;Telefone Preto 2&#8221; tem inspira\u00e7\u00e3o no caso de um dos maiores assassinos dos&hellip;\n","protected":false},"author":2,"featured_media":113722,"comment_status":"","ping_status":"","sticky":false,"template":"","format":"standard","meta":{"footnotes":""},"categories":[140],"tags":[207,470,114,115,147,471,148,236,146,32,33,1660,22508],"class_list":{"0":"post-113721","1":"post","2":"type-post","3":"status-publish","4":"format-standard","5":"has-post-thumbnail","7":"category-filmes","8":"tag-arte","9":"tag-cinema","10":"tag-entertainment","11":"tag-entretenimento","12":"tag-film","13":"tag-filme","14":"tag-filmes","15":"tag-folha","16":"tag-movies","17":"tag-portugal","18":"tag-pt","19":"tag-terror","20":"tag-true-crime"},"share_on_mastodon":{"url":"","error":""},"_links":{"self":[{"href":"https:\/\/www.europesays.com\/pt\/wp-json\/wp\/v2\/posts\/113721","targetHints":{"allow":["GET"]}}],"collection":[{"href":"https:\/\/www.europesays.com\/pt\/wp-json\/wp\/v2\/posts"}],"about":[{"href":"https:\/\/www.europesays.com\/pt\/wp-json\/wp\/v2\/types\/post"}],"author":[{"embeddable":true,"href":"https:\/\/www.europesays.com\/pt\/wp-json\/wp\/v2\/users\/2"}],"replies":[{"embeddable":true,"href":"https:\/\/www.europesays.com\/pt\/wp-json\/wp\/v2\/comments?post=113721"}],"version-history":[{"count":0,"href":"https:\/\/www.europesays.com\/pt\/wp-json\/wp\/v2\/posts\/113721\/revisions"}],"wp:featuredmedia":[{"embeddable":true,"href":"https:\/\/www.europesays.com\/pt\/wp-json\/wp\/v2\/media\/113722"}],"wp:attachment":[{"href":"https:\/\/www.europesays.com\/pt\/wp-json\/wp\/v2\/media?parent=113721"}],"wp:term":[{"taxonomy":"category","embeddable":true,"href":"https:\/\/www.europesays.com\/pt\/wp-json\/wp\/v2\/categories?post=113721"},{"taxonomy":"post_tag","embeddable":true,"href":"https:\/\/www.europesays.com\/pt\/wp-json\/wp\/v2\/tags?post=113721"}],"curies":[{"name":"wp","href":"https:\/\/api.w.org\/{rel}","templated":true}]}}