{"id":113723,"date":"2025-10-16T20:58:13","date_gmt":"2025-10-16T20:58:13","guid":{"rendered":"https:\/\/www.europesays.com\/pt\/113723\/"},"modified":"2025-10-16T20:58:13","modified_gmt":"2025-10-16T20:58:13","slug":"ele-e-um-jogador-importante-para-nos-independentemente-do-tempo-de-jogo","status":"publish","type":"post","link":"https:\/\/www.europesays.com\/pt\/113723\/","title":{"rendered":"\u00abEle \u00e9 um jogador importante para n\u00f3s, independentemente do tempo de jogo\u00bb"},"content":{"rendered":"<p>&#8211; Advertisement &#8211;<\/p>\n<p><strong>Luis Enrique falou sobre a import\u00e2ncia de Gon\u00e7alo Ramos no plantel do PSG e deixou elogios ao internacional portugu\u00eas. <\/strong><\/p>\n<p>Em confer\u00eancia de imprensa antes do PSG x Estrasburgo, Luis Enrique comentou a import\u00e2ncia de<a href=\"https:\/\/bolanarede.pt\/etiqueta\/goncalo-ramos\/\" target=\"_blank\" rel=\"noreferrer noopener nofollow\"> Gon\u00e7alo Ramos <\/a>na equipa e abordou os poucos minutos do internacional portugu\u00eas nesta temporada:<\/p>\n<p>\u00abEle \u00e9 um jogador importante para n\u00f3s, independentemente do tempo de jogo. Estamos muito satisfeitos com o seu desempenho. Avaliamo-lo pelo seu rendimento. Confiamos na sua capacidade e estamos contentes com ele\u00bb.<\/p>\n<p>Na presente temporada, Gon\u00e7alo Ramos soma tr\u00eas golos em dez jogos no conjunto parisiense.<\/p>\n","protected":false},"excerpt":{"rendered":"&#8211; Advertisement &#8211; Luis Enrique falou sobre a import\u00e2ncia de Gon\u00e7alo Ramos no plantel do PSG e deixou&hellip;\n","protected":false},"author":2,"featured_media":25588,"comment_status":"","ping_status":"","sticky":false,"template":"","format":"standard","meta":{"footnotes":""},"categories":[87],"tags":[260,135,7266,1767,12477,32,1758,33,134],"class_list":{"0":"post-113723","1":"post","2":"type-post","3":"status-publish","4":"format-standard","5":"has-post-thumbnail","7":"category-desporto","8":"tag-atualidade","9":"tag-desporto","10":"tag-goncalo-ramos","11":"tag-ligue-1","12":"tag-luis-enrique","13":"tag-portugal","14":"tag-psg","15":"tag-pt","16":"tag-sports"},"share_on_mastodon":{"url":"","error":""},"_links":{"self":[{"href":"https:\/\/www.europesays.com\/pt\/wp-json\/wp\/v2\/posts\/113723","targetHints":{"allow":["GET"]}}],"collection":[{"href":"https:\/\/www.europesays.com\/pt\/wp-json\/wp\/v2\/posts"}],"about":[{"href":"https:\/\/www.europesays.com\/pt\/wp-json\/wp\/v2\/types\/post"}],"author":[{"embeddable":true,"href":"https:\/\/www.europesays.com\/pt\/wp-json\/wp\/v2\/users\/2"}],"replies":[{"embeddable":true,"href":"https:\/\/www.europesays.com\/pt\/wp-json\/wp\/v2\/comments?post=113723"}],"version-history":[{"count":0,"href":"https:\/\/www.europesays.com\/pt\/wp-json\/wp\/v2\/posts\/113723\/revisions"}],"wp:featuredmedia":[{"embeddable":true,"href":"https:\/\/www.europesays.com\/pt\/wp-json\/wp\/v2\/media\/25588"}],"wp:attachment":[{"href":"https:\/\/www.europesays.com\/pt\/wp-json\/wp\/v2\/media?parent=113723"}],"wp:term":[{"taxonomy":"category","embeddable":true,"href":"https:\/\/www.europesays.com\/pt\/wp-json\/wp\/v2\/categories?post=113723"},{"taxonomy":"post_tag","embeddable":true,"href":"https:\/\/www.europesays.com\/pt\/wp-json\/wp\/v2\/tags?post=113723"}],"curies":[{"name":"wp","href":"https:\/\/api.w.org\/{rel}","templated":true}]}}