{"id":113749,"date":"2025-10-16T21:21:07","date_gmt":"2025-10-16T21:21:07","guid":{"rendered":"https:\/\/www.europesays.com\/pt\/113749\/"},"modified":"2025-10-16T21:21:07","modified_gmt":"2025-10-16T21:21:07","slug":"investigacao-reaberta-dono-da-mango-pode-ter-sido-assassinado-pelo-filho","status":"publish","type":"post","link":"https:\/\/www.europesays.com\/pt\/113749\/","title":{"rendered":"Investiga\u00e7\u00e3o reaberta: dono da Mango pode ter sido assassinado pelo filho"},"content":{"rendered":"<p>O caso remonta a 14 de dezembro de 2024, dia em que Isak Andic, de 71 anos, estaria a fazer uma caminhada com a mulher e um dos tr\u00eas filhos, Jonathan, caindo de uma altura de cerca de 150 metros, segundo a investiga\u00e7\u00e3o inicial.<\/p>\n<p data-remotead-prev-elm=\"true\" data-remotead-elm-id=\"inread\">No entanto, o &#8220;El Pa\u00eds&#8221; avan\u00e7a, esta quinta-feira, que a Pol\u00edcia da Catalunha (Mossos d&#8221;Esquadra) suspeita agora que Jonathan Andic possa estar envolvido no homic\u00eddio do pai.<\/p>\n<p>Segundo o jornal espanhol, ainda n\u00e3o existem provas concretas, mas as autoridades detetaram v\u00e1rias incongru\u00eancias nas declara\u00e7\u00f5es de Jonathan Andic, que alimentaram as suspeitas do poss\u00edvel homic\u00eddio.<\/p>\n<p data-remotead-prev-elm=\"true\" data-remotead-elm-id=\"centro1\">A fam\u00edlia recusou comentar a reabertura do caso, mas, em comunicado, afirmou que &#8220;continuar\u00e1 a colaborar&#8221; com a investiga\u00e7\u00e3o, e &#8220;que a inoc\u00eancia de Jonathan Andic ser\u00e1 demonstrada&#8221;.<\/p>\n<p>O caso foi arquivado um m\u00eas depois da morte do empres\u00e1rio, mas a pol\u00edcia continuou a investigar as circunst\u00e2ncias de uma morte sem testemunhas, num local que n\u00e3o aparenta ser perigoso. A ju\u00edza acabou por reabrir o caso e, desde ent\u00e3o, os investigadores t\u00eam tentado desvendar o que provocou a morte de Isak Andic.<\/p>\n<p data-remotead-prev-elm=\"true\" data-remotead-elm-id=\"centro2\">Nascido na cidade turca de Istambul, Andic mudou-se para a Catalunha com a fam\u00edlia quando era adolescente e come\u00e7ou no ramo da moda em 1972. Em 1984, abriu a primeira loja Mango no Paseo de Gr\u00e0cia, em Barcelona. Um ano depois, j\u00e1 contava com cinco estabelecimentos em Barcelona e um em Val\u00eancia e, mais tarde, a Mango tornou-se uma das marcas de moda mais reconhecidas do Mundo. A marca tem agora milhares de lojas em mais de 100 pa\u00edses.<\/p>\n","protected":false},"excerpt":{"rendered":"O caso remonta a 14 de dezembro de 2024, dia em que Isak Andic, de 71 anos, estaria&hellip;\n","protected":false},"author":2,"featured_media":113750,"comment_status":"","ping_status":"","sticky":false,"template":"","format":"standard","meta":{"footnotes":""},"categories":[50],"tags":[27,28,640,15,16,14,5564,25,26,21,22,5873,62,12,13,19,20,23,24,17,18,29,30,31,63,64,65],"class_list":{"0":"post-113749","1":"post","2":"type-post","3":"status-publish","4":"format-standard","5":"has-post-thumbnail","7":"category-mundo","8":"tag-breaking-news","9":"tag-breakingnews","10":"tag-espanha","11":"tag-featured-news","12":"tag-featurednews","13":"tag-headlines","14":"tag-homicidio","15":"tag-latest-news","16":"tag-latestnews","17":"tag-main-news","18":"tag-mainnews","19":"tag-mango","20":"tag-mundo","21":"tag-news","22":"tag-noticias","23":"tag-noticias-principais","24":"tag-noticiasprincipais","25":"tag-principais-noticias","26":"tag-principaisnoticias","27":"tag-top-stories","28":"tag-topstories","29":"tag-ultimas","30":"tag-ultimas-noticias","31":"tag-ultimasnoticias","32":"tag-world","33":"tag-world-news","34":"tag-worldnews"},"share_on_mastodon":{"url":"","error":""},"_links":{"self":[{"href":"https:\/\/www.europesays.com\/pt\/wp-json\/wp\/v2\/posts\/113749","targetHints":{"allow":["GET"]}}],"collection":[{"href":"https:\/\/www.europesays.com\/pt\/wp-json\/wp\/v2\/posts"}],"about":[{"href":"https:\/\/www.europesays.com\/pt\/wp-json\/wp\/v2\/types\/post"}],"author":[{"embeddable":true,"href":"https:\/\/www.europesays.com\/pt\/wp-json\/wp\/v2\/users\/2"}],"replies":[{"embeddable":true,"href":"https:\/\/www.europesays.com\/pt\/wp-json\/wp\/v2\/comments?post=113749"}],"version-history":[{"count":0,"href":"https:\/\/www.europesays.com\/pt\/wp-json\/wp\/v2\/posts\/113749\/revisions"}],"wp:featuredmedia":[{"embeddable":true,"href":"https:\/\/www.europesays.com\/pt\/wp-json\/wp\/v2\/media\/113750"}],"wp:attachment":[{"href":"https:\/\/www.europesays.com\/pt\/wp-json\/wp\/v2\/media?parent=113749"}],"wp:term":[{"taxonomy":"category","embeddable":true,"href":"https:\/\/www.europesays.com\/pt\/wp-json\/wp\/v2\/categories?post=113749"},{"taxonomy":"post_tag","embeddable":true,"href":"https:\/\/www.europesays.com\/pt\/wp-json\/wp\/v2\/tags?post=113749"}],"curies":[{"name":"wp","href":"https:\/\/api.w.org\/{rel}","templated":true}]}}