{"id":113777,"date":"2025-10-16T21:46:11","date_gmt":"2025-10-16T21:46:11","guid":{"rendered":"https:\/\/www.europesays.com\/pt\/113777\/"},"modified":"2025-10-16T21:46:11","modified_gmt":"2025-10-16T21:46:11","slug":"sexta-na-tv-de-rabo-de-peixe-aos-restaurantes-estrelados-televisao","status":"publish","type":"post","link":"https:\/\/www.europesays.com\/pt\/113777\/","title":{"rendered":"Sexta na TV: de Rabo de Peixe aos restaurantes \u201cestrelados\u201d | Televis\u00e3o"},"content":{"rendered":"<p>CINEMA<\/p>\n<p dir=\"ltr\"><strong><a href=\"https:\/\/cinecartaz.publico.pt\/filme\/torre-sombra-412343\" rel=\"nofollow noopener\" target=\"_blank\">A Torre Sem Sombra<\/a><\/strong><br \/><strong>RTP2, 22h55<\/strong><\/p>\n<p dir=\"ltr\">Estreado no Festival de Cinema de Berlim, onde esteve em competi\u00e7\u00e3o, um drama meditativo sobre rela\u00e7\u00f5es humanas, com assinatura do realizador e escritor chin\u00eas de ascend\u00eancia coreana Zhang Lu. Gu Wentong (Xin Baiqing) inicia um relacionamento amoroso com Ouyang Wenhui (Huang Yao), uma jovem fot\u00f3grafa mais nova e com trauma de abandono. Quando ele descobre o paradeiro do pai, a quem perdeu o rasto h\u00e1 mais de 40 anos, \u00e9 encorajado por ela a tentar uma reaproxima\u00e7\u00e3o. Esse percurso vai faz\u00ea-lo repensar o relacionamento com a pr\u00f3pria filha, de quem se foi afastando ao longo do tempo, e reavaliar a forma como tem levado a sua vida at\u00e9 aqui. <\/p>\n<p>DOCUMENT\u00c1RIOS<\/p>\n<p dir=\"ltr\"><strong>Mar\u00e9 Branca: A Surreal Hist\u00f3ria de Rabo de Peixe<\/strong><br \/><strong>Netflix, streaming<\/strong><\/p>\n<p dir=\"ltr\">No dia em que estreia a segunda temporada de Rabo de Peixe, s\u00e9rie de fic\u00e7\u00e3o baseada na muito (sur)real hist\u00f3ria do carregamento de coca\u00edna que, em 2001, deu \u00e0 costa em S\u00e3o Miguel, mudando os destinos e a fama da vila a\u00e7oriana, a Netflix aproveita a mar\u00e9 para lan\u00e7ar este document\u00e1rio de Jo\u00e3o Marques, escrito por Marcos Nine, que tra\u00e7a um retrato do sucedido atrav\u00e9s de depoimentos das gentes locais (incluindo o rapper Sandro G). <\/p>\n<p dir=\"ltr\">Quem quiser saber ainda mais pode recuperar Rabo de Peixe &#8211; Toda a Verdade, s\u00e9rie documental de cinco epis\u00f3dios que a CMTV tem estado a passar diariamente desde o \u00faltimo domingo, \u00e0s 19h30. Foca-se em Antonino \u201co italiano\u201d Quinci, o narcotraficante (e foragido cr\u00f3nico) que largou a droga na costa a\u00e7oriana, aqui entrevistado em exclusivo por R\u00faben Pacheco Correia.<\/p>\n<p>        &#13;<\/p>\n<p>&#13;<br \/>\n                &#13;\n            <\/p>\n<p>&#13;<\/p>\n<p dir=\"ltr\"><strong>De Cortar \u00e0 Faca: Em Busca de Estrelas Michelin<\/strong><br \/><strong>Apple TV+, streaming<\/strong><\/p>\n<p dir=\"ltr\">Estreia. \u201cPela primeira vez, inspectores an\u00f3nimos abrem o jogo sobre um processo envolto em mist\u00e9rio\u201d. Assim se apresenta a s\u00e9rie documental que vai aos bastidores da atribui\u00e7\u00e3o de estrelas Michelin. Por um lado, segue os esfor\u00e7os dos cozinheiros e equipas que trabalham para conquistar as cobi\u00e7adas divisas; por outro, conta com depoimentos de quem as atribui (e cuja identidade \u00e9 mantida em segredo). \u00c9 uma produ\u00e7\u00e3o de Gordon Ramsay, com Jesse Burgess como anfitri\u00e3o.<\/p>\n<p>        &#13;<\/p>\n<p>&#13;<br \/>\n                &#13;\n            <\/p>\n<p>&#13;<\/p>\n<p dir=\"ltr\"><strong>A Vizinha Perfeita<\/strong><br \/><strong>Netflix, streaming<\/strong><\/p>\n<p dir=\"ltr\">Estreia. Premiado em Sundance e aplaudido noutros festivais, este trabalho de Geeta Gandbhir \u2013 realizadora com dois Emmys no curr\u00edculo \u2013 incide sobre uma desaven\u00e7a entre vizinhos que culmina num homic\u00eddio. A situa\u00e7\u00e3o \u00e9 perspectivada pela crueza das c\u00e2maras dos agentes que s\u00e3o recorrentemente chamados ao local. Atravessado por quest\u00f5es como o racismo, os estatutos de v\u00edtima e agressor ou os procedimentos policiais, \u00e9 o retrato de um caso como tantos outros que acontecem nos EUA e, em particular, dos efeitos das chamadas leis \u201cstand your ground\u201d, que autorizam os cidad\u00e3os a usarem armas de fogo sempre que se sintam amea\u00e7ados.<\/p>\n<p dir=\"ltr\"><strong>Mudan\u00e7as no Oceano, Biodiversidade no Golfo do Maine<\/strong><br \/><strong>RTP2, 16h12<\/strong><\/p>\n<p dir=\"ltr\">Um mergulho nas \u00e1guas do Golfo do Maine, na costa leste da Am\u00e9rica do Norte, d\u00e1 a conhecer a sua hist\u00f3ria e as altera\u00e7\u00f5es que o aquecimento global est\u00e1 a provocar, das amea\u00e7as \u00e0 biodiversidade local at\u00e9 \u00e0s implica\u00e7\u00f5es globais. Para isso, conta com contributos de \u201ccientistas, pescadores, nativos americanos e inovadores\u201d, enumera a sinopse. \u00c9 uma s\u00e9rie de tr\u00eas epis\u00f3dios, para come\u00e7ar a ver nesta sexta, continuar na segunda e finalizar na ter\u00e7a.<\/p>\n<p dir=\"ltr\"><strong>Fire Supply<\/strong><br \/><strong>TVCine Edition, 19h15<\/strong><\/p>\n<p dir=\"ltr\">O ciclo dedicado ao Doclisboa \u2013 festival cuja <a href=\"https:\/\/doclisboa.org\/\" target=\"_blank\" rel=\"nofollow noopener\">23.\u00aa edi\u00e7\u00e3o<\/a> est\u00e1 a decorrer at\u00e9 26 de Outubro \u2013 termina com este filme de Luc\u00eda Seles que ganhou o Pr\u00e9mio Cupra do J\u00fari da Competi\u00e7\u00e3o Internacional em 2024 (ex aequo com The Anchor, de Jen Debauch), por ser \u201cum gesto cinematogr\u00e1fico de artesanato radical, um folhetim urbano c\u00f3mico e triste que reflecte a disfun\u00e7\u00e3o da vida nas grandes cidades contempor\u00e2neas\u201d.<\/p>\n<p>        &#13;<\/p>\n<p>&#13;<br \/>\n                &#13;\n            <\/p>\n<p>&#13;<\/p>\n<p>INFORMA\u00c7\u00c3O<\/p>\n<p dir=\"ltr\"><strong>Seman\u00e1rio<br \/>RTP Not\u00edcias, 22h50<\/strong><\/p>\n<p dir=\"ltr\">Em estreia nos ser\u00f5es de sexta-feira, um espa\u00e7o para rever e analisar os principais temas da semana que finda, com o jornalista (e ex-director de informa\u00e7\u00e3o da RTP) Ant\u00f3nio Jos\u00e9 Teixeira aos comandos. O primeiro epis\u00f3dio debru\u00e7a-se sobre os resultados das elei\u00e7\u00f5es aut\u00e1rquicas do \u00faltimo domingo e conta com coment\u00e1rios de Ant\u00f3nio Vitorino e Nuno Morais Sarmento, bem como a participa\u00e7\u00e3o das rec\u00e9m-eleitas presidentes de c\u00e2mara Isabel Ferreira e In\u00eas Matos, respectivamente em Bragan\u00e7a (PS) e Santa Comba D\u00e3o (PSD\/IL). A cultura tamb\u00e9m tem lugar no programa, neste caso representada por Ant\u00f3nio Pires, a prop\u00f3sito da sua encena\u00e7\u00e3o da pe\u00e7a de Samuel Beckett \u00c0 Espera de Godot, em cena no Teatro do Bairro, em Lisboa, at\u00e9 2 de Novembro.\u200b<\/p>\n<p>        &#13;<\/p>\n<p>&#13;<br \/>\n                &#13;\n            <\/p>\n<p>&#13;<\/p>\n<p>DESPORTO<\/p>\n<p dir=\"ltr\"><strong>Futebol: Chaves x Benfica<\/strong><br \/><strong>RTP1, 19h25<\/strong><\/p>\n<p dir=\"ltr\">Em directo do Est\u00e1dio Municipal Eng.\u00ba Manuel Branco Teixeira, em Chaves, a abertura da terceira eliminat\u00f3ria da <a href=\"https:\/\/www.publico.pt\/taca-de-portugal\" rel=\"nofollow noopener\" target=\"_blank\">Ta\u00e7a de Portugal<\/a>, com a equipa da casa, da II Liga, a receber o Benfica, finalista vencido na \u00e9poca passada. Amanh\u00e3, \u00e0s 20h15, calha ao Sporting, detentor do trof\u00e9u, deslocar-se a Pa\u00e7os de Ferreira, do escal\u00e3o secund\u00e1rio, num jogo tamb\u00e9m com transmiss\u00e3o directa no primeiro canal.<\/p>\n<p>        &#13;<\/p>\n<p>&#13;<br \/>\n                &#13;\n            <\/p>\n<p>&#13;<\/p>\n","protected":false},"excerpt":{"rendered":"CINEMA A Torre Sem SombraRTP2, 22h55 Estreado no Festival de Cinema de Berlim, onde esteve em competi\u00e7\u00e3o, um&hellip;\n","protected":false},"author":2,"featured_media":113778,"comment_status":"","ping_status":"","sticky":false,"template":"","format":"standard","meta":{"footnotes":""},"categories":[142],"tags":[470,1413,1414,114,115,524,754,294,32,33,291,941,940,218,151],"class_list":{"0":"post-113777","1":"post","2":"type-post","3":"status-publish","4":"format-standard","5":"has-post-thumbnail","7":"category-tv","8":"tag-cinema","9":"tag-cultura-ipsilon","10":"tag-documentario","11":"tag-entertainment","12":"tag-entretenimento","13":"tag-futebol","14":"tag-gastronomia","15":"tag-lazer","16":"tag-portugal","17":"tag-pt","18":"tag-relaxar","19":"tag-series","20":"tag-streaming","21":"tag-televisao","22":"tag-tv"},"share_on_mastodon":{"url":"","error":""},"_links":{"self":[{"href":"https:\/\/www.europesays.com\/pt\/wp-json\/wp\/v2\/posts\/113777","targetHints":{"allow":["GET"]}}],"collection":[{"href":"https:\/\/www.europesays.com\/pt\/wp-json\/wp\/v2\/posts"}],"about":[{"href":"https:\/\/www.europesays.com\/pt\/wp-json\/wp\/v2\/types\/post"}],"author":[{"embeddable":true,"href":"https:\/\/www.europesays.com\/pt\/wp-json\/wp\/v2\/users\/2"}],"replies":[{"embeddable":true,"href":"https:\/\/www.europesays.com\/pt\/wp-json\/wp\/v2\/comments?post=113777"}],"version-history":[{"count":0,"href":"https:\/\/www.europesays.com\/pt\/wp-json\/wp\/v2\/posts\/113777\/revisions"}],"wp:featuredmedia":[{"embeddable":true,"href":"https:\/\/www.europesays.com\/pt\/wp-json\/wp\/v2\/media\/113778"}],"wp:attachment":[{"href":"https:\/\/www.europesays.com\/pt\/wp-json\/wp\/v2\/media?parent=113777"}],"wp:term":[{"taxonomy":"category","embeddable":true,"href":"https:\/\/www.europesays.com\/pt\/wp-json\/wp\/v2\/categories?post=113777"},{"taxonomy":"post_tag","embeddable":true,"href":"https:\/\/www.europesays.com\/pt\/wp-json\/wp\/v2\/tags?post=113777"}],"curies":[{"name":"wp","href":"https:\/\/api.w.org\/{rel}","templated":true}]}}