{"id":11379,"date":"2025-08-01T10:38:10","date_gmt":"2025-08-01T10:38:10","guid":{"rendered":"https:\/\/www.europesays.com\/pt\/11379\/"},"modified":"2025-08-01T10:38:10","modified_gmt":"2025-08-01T10:38:10","slug":"media-capital-compra-dona-dos-jornais-sol-e-i-por-1-euro-eco","status":"publish","type":"post","link":"https:\/\/www.europesays.com\/pt\/11379\/","title":{"rendered":"Media Capital compra dona dos jornais Sol e I por 1 euro \u2013 ECO"},"content":{"rendered":"<p>&#13;<\/p>\n<p>A Media Capital anunciou a compra de 98,21% da sociedade Newsplex, dona dos jornais Nascer do Sol e I, segundo um <a target=\"_blank\" href=\"https:\/\/www.cmvm.pt\/PInstitucional\/PdfVierAllCommunication?Input=E417583BC6245B3DC3D05C203375CDFA4389E9C5E160CAC09281894F90CA4DDD\" rel=\"nofollow noopener\">comunicado<\/a> enviado ao mercado esta quinta-feira. A<strong> opera\u00e7\u00e3o tem \u201cefeitos a partir de 1 de agosto de 2025\u201d,<\/strong> indica a dona da TVI e CNN Portugal, na nota divulgada no site da Comiss\u00e3o do Mercado de Valores Mobili\u00e1rios (CMVM).<\/p>\n<p>O<strong> pre\u00e7o da aquisi\u00e7\u00e3o ascende ao valor simb\u00f3lico de um euro<\/strong>, com a empresa liderada por M\u00e1rio Ferreira a adiantar que <strong>vai assumir \u201cas responsabilidades\u201d da Newsplex \u201cperante a Autoridade Tribut\u00e1ria e a Seguran\u00e7a Social\u201d. <\/strong><\/p>\n<p>A 17 de julho, a Media Capital tinha adiantado que estava a negociar a compra de uma participa\u00e7\u00e3o maiorit\u00e1ria na Newsplex, mas em parceria com uma \u201csociedade de capital de risco\u201d, que j\u00e1 n\u00e3o consta neste comunicado. O contrato de compra e venda foi realizado pela \u201cMeglo \u2013 Media Capital Global, SGPS, S.A. (sociedade detida a 100% pela Media Capital)\u201d.<\/p>\n<p>&#13;<br \/>\n\t\t\t\t&#13;<br \/>\n\t\t\t\t\t<a href=\"https:\/\/eco.sapo.pt\/2025\/07\/17\/media-capital-esta-a-negociar-compra-do-sol-e-do-i\/\" rel=\"nofollow noopener\" target=\"_blank\">&#13;<\/p>\n<p class=\"info-card__intro\">Media Capital est\u00e1 a negociar compra do Sol e do I<\/p>\n<p>\t\t\t\t\t\t&#13;<br \/>\n\t\t\t\t\t<\/a>&#13;<br \/>\n\t\t\t\t&#13;<br \/>\n\t\t\t&#13;<br \/>\n&#13;<\/p>\n<p><strong>Para assumir a dire\u00e7\u00e3o-geral das duas publica\u00e7\u00f5es, a Media Capital avan\u00e7a ainda que designou M\u00e1rio Ramires<\/strong>. \u00c9 um regresso a uma casa que conhece bem. M\u00e1rio Ramires deixou, em outubro de 2024, a dire\u00e7\u00e3o dos dois jornais, dos quais era dono desde 2015, ano em que criou a Newsplex e manteve a edi\u00e7\u00e3o dos jornais at\u00e9 ent\u00e3o da Newshold, de \u00c1lvaro Sobrinho.<\/p>\n<p>A Newsplex era agora detida pela Alpac Capital, de Pedro Vargas David e Lu\u00eds Santos, tamb\u00e9m donos da Euronews, desde o ver\u00e3o de 2022. <\/p>\n<p>Em dezembro de 2020 o seman\u00e1rio Sol alterou o nome para Nascer do Sol. Semanas antes o i tinha passado a Inevit\u00e1vel. Entretanto, j\u00e1 em janeiro de 2023, o i passou a seman\u00e1rio. E, esta semana, foi anunciado que o jornal I ia passar ao formato de revista, que ser\u00e1 distribu\u00edda com o Nascer do Sol.<\/p>\n<p><strong>Jornal Sol reestruturado sem um euro de d\u00edvida vencida ao Estado<\/strong><\/p>\n<p>Os acionistas da ex-dona do Sol afirmam deixar um <strong>jornal reestruturado e sem um euro de d\u00edvida vencida ao Estado<\/strong>.<\/p>\n<p>\u201cAo longo dos \u00faltimos tr\u00eas anos tivemos a honra de ser os acionistas e administradores da sociedade dona do Jornal Sol e de ser nossa responsabilidade a sua gest\u00e3o e a prepara\u00e7\u00e3o do seu futuro\u201d, l\u00ea-se no artigo assinado por Jos\u00e9 Saldanha Bento, Lu\u00eds Santos e Pedro Vargas David.<\/p>\n<p>\u201cO bem social que adv\u00e9m da sua exist\u00eancia ser\u00e1 sempre imensamente maior que o seu valor ou impacto econ\u00f3mico\u201d, acrescentam, dando conta que o projeto mudou de donos. \u201c<strong>Deixamos um jornal reestruturado, com o passivo reduzido em mais de 50%. Hoje sem um euro de d\u00edvida vencida ao Estado, nem um sal\u00e1rio ou subs\u00eddio em atraso, sem um fornecedor por pagar<\/strong>\u201c, prosseguem.<\/p>\n<p>Nestes tr\u00eas anos, \u201co Sol manteve-se fiel aos princ\u00edpios do nosso arquiteto Jos\u00e9 Ant\u00f3nio Saraiva, de quem sentimos sempre muita falta, mas confiantes de que, mesmo sem as suas certeiras e acutilantes cr\u00f3nicas, vive em cada p\u00e1gina do Sol para sempre\u201d, sublinham.<\/p>\n<p>\u201cLivre, democr\u00e1tico e independente. Portugu\u00eas, europeu e atlantista. Respons\u00e1vel e com calores sob a lideran\u00e7a do M\u00e1rio Ramires e de forma abnegada e com uma dedica\u00e7\u00e3o \u00edmpar o trabalho das nossas equipas editoriais e t\u00e9cnicas, temos um orgulho imenso em cada edi\u00e7\u00e3o do Jornal Sol\u201d, destacam os acionistas e administradores.<\/p>\n<p>\u201cForam e ser\u00e3o sempre um exemplo do melhor jornalismo que se faz em Portugal\u201d, dizem, apontando o seu \u201creconhecimento tamb\u00e9m ao Nuno Tiago Pinto e ao V\u00edtor Rainho por manterem vivo esse mesmo esp\u00edrito\u201d.<\/p>\n<p>Os administradores e acionistas fazem ainda uma reflex\u00e3o sobre a pirataria nos media. \u201cEm particular, a si que l\u00ea estas palavras num pdf pirata recebido num grupo de Whatsapp ou Telegram, deixe-nos perguntar se n\u00e3o tinha mesmo capacidade de pagar o valor do jornal? Se gosta de ler o Sol ou outros, porque n\u00e3o pagar por isso? Quando vai a um restaurante ou a um hotel, n\u00e3o lhe ocorre deixar de pagar a conta. \u00c9 um esfor\u00e7o de todos, mas vale a pena, pense nisso\u201d.<\/p>\n<p>Outra reflex\u00e3o, \u201cpara aqueles que em associa\u00e7\u00f5es, f\u00f3rums ou roundtables constituem a espinha dorsal da sociedade civil do pa\u00eds, Se n\u00e3o se apoiar a imprensa investindo em publicidade, quem o far\u00e1\u201d, questionam.<\/p>\n<p>Por \u00faltimo, \u201cuma terceira reflex\u00e3o para si, a quem cabe educar a pr\u00f3xima gera\u00e7\u00e3o, cujos educandos n\u00e3o sabem o que \u00e9 pegar num jornal ou num livro f\u00edsico: n\u00e3o se esque\u00e7a que o desenvolvimento cognitivo e emocional fica comprometido sem essas ferramentas de aprendizagem e contacto com a realidade envolvente\u201d, advertem, apontando que \u201c\u00e9 responsabilidade educ\u00e1-los na leitura \u2013 \u00fanico ant\u00eddoto para a pandemia dopamin\u00e9rgica de ecr\u00e3s e redes sociais\u201d.<\/p>\n<p>\u201cQuando damos por encerrado o nosso investimento nos media em Portugal e o Sol \u00e9 recebido no grupo Media Capital, onde vai ter o destaque que merece, queremos-lhe deixar uma palavra a si, o nosso leitor. Aos v\u00e1rios milhares que todas as semanas compram o Sol. A si, que esteve sempre l\u00e1, temos uma s\u00f3 palavra: Obrigado\u201d, rematam.<\/p>\n","protected":false},"excerpt":{"rendered":"&#13; A Media Capital anunciou a compra de 98,21% da sociedade Newsplex, dona dos jornais Nascer do Sol&hellip;\n","protected":false},"author":2,"featured_media":11380,"comment_status":"","ping_status":"","sticky":false,"template":"","format":"standard","meta":{"footnotes":""},"categories":[8],"tags":[1484,27,28,15,16,14,25,26,21,22,715,12,13,19,20,32,23,24,33,17,18,29,30,31],"class_list":{"0":"post-11379","1":"post","2":"type-post","3":"status-publish","4":"format-standard","5":"has-post-thumbnail","7":"category-principais-noticias","8":"tag-m","9":"tag-breaking-news","10":"tag-breakingnews","11":"tag-featured-news","12":"tag-featurednews","13":"tag-headlines","14":"tag-latest-news","15":"tag-latestnews","16":"tag-main-news","17":"tag-mainnews","18":"tag-media","19":"tag-news","20":"tag-noticias","21":"tag-noticias-principais","22":"tag-noticiasprincipais","23":"tag-portugal","24":"tag-principais-noticias","25":"tag-principaisnoticias","26":"tag-pt","27":"tag-top-stories","28":"tag-topstories","29":"tag-ultimas","30":"tag-ultimas-noticias","31":"tag-ultimasnoticias"},"share_on_mastodon":{"url":"","error":""},"_links":{"self":[{"href":"https:\/\/www.europesays.com\/pt\/wp-json\/wp\/v2\/posts\/11379","targetHints":{"allow":["GET"]}}],"collection":[{"href":"https:\/\/www.europesays.com\/pt\/wp-json\/wp\/v2\/posts"}],"about":[{"href":"https:\/\/www.europesays.com\/pt\/wp-json\/wp\/v2\/types\/post"}],"author":[{"embeddable":true,"href":"https:\/\/www.europesays.com\/pt\/wp-json\/wp\/v2\/users\/2"}],"replies":[{"embeddable":true,"href":"https:\/\/www.europesays.com\/pt\/wp-json\/wp\/v2\/comments?post=11379"}],"version-history":[{"count":0,"href":"https:\/\/www.europesays.com\/pt\/wp-json\/wp\/v2\/posts\/11379\/revisions"}],"wp:featuredmedia":[{"embeddable":true,"href":"https:\/\/www.europesays.com\/pt\/wp-json\/wp\/v2\/media\/11380"}],"wp:attachment":[{"href":"https:\/\/www.europesays.com\/pt\/wp-json\/wp\/v2\/media?parent=11379"}],"wp:term":[{"taxonomy":"category","embeddable":true,"href":"https:\/\/www.europesays.com\/pt\/wp-json\/wp\/v2\/categories?post=11379"},{"taxonomy":"post_tag","embeddable":true,"href":"https:\/\/www.europesays.com\/pt\/wp-json\/wp\/v2\/tags?post=11379"}],"curies":[{"name":"wp","href":"https:\/\/api.w.org\/{rel}","templated":true}]}}