{"id":113790,"date":"2025-10-16T21:57:11","date_gmt":"2025-10-16T21:57:11","guid":{"rendered":"https:\/\/www.europesays.com\/pt\/113790\/"},"modified":"2025-10-16T21:57:11","modified_gmt":"2025-10-16T21:57:11","slug":"manela-arrasa-cotrim-e-contraria-cristina-ferreira","status":"publish","type":"post","link":"https:\/\/www.europesays.com\/pt\/113790\/","title":{"rendered":"MANELA ARRASA COTRIM E CONTRARIA CRISTINA FERREIRA"},"content":{"rendered":"<p><strong>Manuela Moura Guedes, de 69 anos, fez duras acusa\u00e7\u00f5es a Jo\u00e3o Cotrim Figueiredo (64), contrariando os elogios dados ao candidato \u00e0 Presid\u00eancia da Rep\u00fablica por Cristina Ferreira (48). A jornalista revela que foi o eurodeputado da IL quem a \u201cobrigou a rescindir contrato com a TVI\u201d, numa altura dif\u00edcil da sua vida profissional, e acusa-o de \u201cter sido um pau-mandado dos espanh\u00f3is, os donos na altura da Media Capital, e ter mandado a liberdade de imprensa para as urtigas\u201d. <\/strong><\/p>\n<p>Num texto publicado no Facebook, Manuela Moura Guedes recorda o momento em que terminou o v\u00ednculo profissional com a TVI: \u201cA voz do dono falou mais alto do que os princ\u00edpios e a boa gest\u00e3o \u2013 o \u2018Jornal\u2019 que eu editava era o mais visto de todos os canais portugueses e o que mais receitas dava. Quando, a um domingo \u00e0 noite (!), fui assinar a rescis\u00e3o, ao escrit\u00f3rio do meu advogado, nem um representante da TVI estava, cobardemente ningu\u00e9m!\u201d<\/p>\n<p>Arrasadora, a jornalista vai mais longe e garante que Cotim Figueiredo n\u00e3o lhe \u201cinspira confian\u00e7a para Presidente da Rep\u00fablica\u201d. O desabafo foi feito depois de o candidato \u00e0 Presid\u00eancia da Rep\u00fablica ter estado no programa matutino da TVI, \u2018Dois \u00e0s 10\u2019, apresentado por Cristina Ferreira e Cl\u00e1udio Ramos.<\/p>\n<p>No final da conversa, onde Cotrim confessa o que o motivou a candidatar-se a Bel\u00e9m, a apresentadora recorda a altura em que o eurodeputado foi diretor-geral da esta\u00e7\u00e3o de Queluz de Baixo (entre 2010 e 2012), e faz-lhe rasgados elogios: \u201cO Jo\u00e3o passou por esta casa e n\u00e3o h\u00e1 ningu\u00e9m que diga o contr\u00e1rio. O Jo\u00e3o foi das poucas pessoas que sabia o nome de toda a gente e que, desde que entrava aqui, cumprimentava a empregada de limpeza pelo nome at\u00e9 ao diretor com o maior poder dentro desta casa. E isso pode parecer uma coisa muito simples, mas \u00e9 para muito poucos e diz muito dele.\u201d\u00a0<\/p>\n<p>Para Cristina Ferreira, esta \u00e9 uma qualidade que tornaria Jo\u00e3o Cotrim Figueredo um Presidente da Rep\u00fablica \u201cincr\u00edvel\u201d. <\/p>\n<blockquote class=\"instagram-media\" data-instgrm-permalink=\"https:\/\/www.instagram.com\/reel\/DP4BD0EDBKj\/?utm_source=ig_embed&amp;utm_campaign=loading\" data-instgrm-version=\"14\" style=\" background:#FFF; border:0; border-radius:3px; box-shadow:0 0 1px 0 rgba(0,0,0,0.5),0 1px 10px 0 rgba(0,0,0,0.15); margin: 1px; max-width:540px; min-width:326px; padding:0; width:99.375%; width:-webkit-calc(100% - 2px); width:calc(100% - 2px);\"\/>\n<p>\t\t<script async src=\"\/\/www.instagram.com\/embed.js\"><\/script><\/p>\n","protected":false},"excerpt":{"rendered":"Manuela Moura Guedes, de 69 anos, fez duras acusa\u00e7\u00f5es a Jo\u00e3o Cotrim Figueiredo (64), contrariando os elogios dados&hellip;\n","protected":false},"author":2,"featured_media":113791,"comment_status":"","ping_status":"","sticky":false,"template":"","format":"standard","meta":{"footnotes":""},"categories":[145],"tags":[211,210,166,801,114,115,9520,16361,32,33,162],"class_list":{"0":"post-113790","1":"post","2":"type-post","3":"status-publish","4":"format-standard","5":"has-post-thumbnail","7":"category-celebridades","8":"tag-celebridades","9":"tag-celebrities","10":"tag-cristina-ferreira","11":"tag-dois-as-10","12":"tag-entertainment","13":"tag-entretenimento","14":"tag-joao-cotrim-figueiredo","15":"tag-manuela-moura-guedes","16":"tag-portugal","17":"tag-pt","18":"tag-tvi"},"share_on_mastodon":{"url":"","error":""},"_links":{"self":[{"href":"https:\/\/www.europesays.com\/pt\/wp-json\/wp\/v2\/posts\/113790","targetHints":{"allow":["GET"]}}],"collection":[{"href":"https:\/\/www.europesays.com\/pt\/wp-json\/wp\/v2\/posts"}],"about":[{"href":"https:\/\/www.europesays.com\/pt\/wp-json\/wp\/v2\/types\/post"}],"author":[{"embeddable":true,"href":"https:\/\/www.europesays.com\/pt\/wp-json\/wp\/v2\/users\/2"}],"replies":[{"embeddable":true,"href":"https:\/\/www.europesays.com\/pt\/wp-json\/wp\/v2\/comments?post=113790"}],"version-history":[{"count":0,"href":"https:\/\/www.europesays.com\/pt\/wp-json\/wp\/v2\/posts\/113790\/revisions"}],"wp:featuredmedia":[{"embeddable":true,"href":"https:\/\/www.europesays.com\/pt\/wp-json\/wp\/v2\/media\/113791"}],"wp:attachment":[{"href":"https:\/\/www.europesays.com\/pt\/wp-json\/wp\/v2\/media?parent=113790"}],"wp:term":[{"taxonomy":"category","embeddable":true,"href":"https:\/\/www.europesays.com\/pt\/wp-json\/wp\/v2\/categories?post=113790"},{"taxonomy":"post_tag","embeddable":true,"href":"https:\/\/www.europesays.com\/pt\/wp-json\/wp\/v2\/tags?post=113790"}],"curies":[{"name":"wp","href":"https:\/\/api.w.org\/{rel}","templated":true}]}}