{"id":113798,"date":"2025-10-16T22:02:13","date_gmt":"2025-10-16T22:02:13","guid":{"rendered":"https:\/\/www.europesays.com\/pt\/113798\/"},"modified":"2025-10-16T22:02:13","modified_gmt":"2025-10-16T22:02:13","slug":"novo-trailer-de-para-sempre-minha-promete-um-dos-filmes-de-terror-mais-tensos-do-ano-confira","status":"publish","type":"post","link":"https:\/\/www.europesays.com\/pt\/113798\/","title":{"rendered":"Novo trailer de &#8216;Para Sempre Minha&#8217; promete um dos filmes de terror mais TENSOS do ano; Confira!"},"content":{"rendered":"<p>O terror \u2018<strong>Para Sempre Minha<\/strong>\u2018, pr\u00f3ximo filme do diretor <strong><a href=\"https:\/\/cinepop.com.br\/tag\/osgood-perkins\/\" title=\"Osgood Perkins\" rel=\"nofollow noopener\" target=\"_blank\">Osgood Perkins<\/a><\/strong> (\u2018<a href=\"https:\/\/cinepop.com.br\/tag\/longlegs\/\" title=\"Longlegs\" rel=\"nofollow noopener\" target=\"_blank\">Longlegs<\/a> \u2013 V\u00ednculo Mortal\u2019 e \u2018<a href=\"https:\/\/cinepop.com.br\/tag\/o-macaco\/\" title=\"O Macaco\" rel=\"nofollow noopener\" target=\"_blank\">O Macaco<\/a>\u2019), ganhou um novo trailer tenso.<\/p>\n<p>O v\u00eddeo destaca a rea\u00e7\u00e3o positiva de alguns dos maiores cineastas do g\u00eanero, como <strong>Guillermo del Toro<\/strong> (\u2018Frankenstein\u2019), <strong>James Wan<\/strong> (\u2018Invoca\u00e7\u00e3o do Mal\u2019) e <strong>Damien Leone<\/strong> (\u2018Terrifier\u2019).<\/p>\n<p>Confira e siga o <a href=\"https:\/\/www.youtube.com\/cinepop?sub_confirmation=1\" target=\"_blank\" rel=\"noopener nofollow\"><strong>CinePOP no Youtube<\/strong><\/a>:<\/p>\n<p>O longa ser\u00e1 lan\u00e7ado nos cinemas nacionais no <strong>dia 13 de novembro<\/strong>, pela <strong>Diamond Films<\/strong>.<\/p>\n<p>A trama acompanha um casal que viaja para um fim de semana rom\u00e2ntico em uma cabana isolada. Quando Malcolm\u00a0precisa retornar repentinamente \u00e0 cidade, Liz se v\u00ea isolada e na presen\u00e7a de um mal indescrit\u00edvel que desvenda os horr\u00edveis segredos da cabana.<\/p>\n<p><strong>Tatiana Maslany<\/strong> (\u2018Orphan Black\u2019) e<strong>\u00a0Rossif Sutherland<\/strong> (\u2018Possessor\u2019) estrelam a produ\u00e7\u00e3o.<\/p>\n<p>Al\u00e9m de dirigir, <strong>Perkins<\/strong> tamb\u00e9m assina o roteiro ao lado de <strong><a href=\"https:\/\/cinepop.com.br\/tag\/nick-lepard\/\" title=\"Nick Lepard\" rel=\"nofollow noopener\" target=\"_blank\">Nick Lepard<\/a><\/strong> (\u2018Animais Perigosos\u2019).<\/p>\n<p><img fetchpriority=\"high\" decoding=\"async\" class=\"alignnone size-large wp-image-678940\" src=\"https:\/\/www.europesays.com\/pt\/wp-content\/uploads\/2025\/09\/keeper-691x1024.webp.webp\" alt=\"\" width=\"691\" height=\"1024\"  \/><\/p>\n","protected":false},"excerpt":{"rendered":"O terror \u2018Para Sempre Minha\u2018, pr\u00f3ximo filme do diretor Osgood Perkins (\u2018Longlegs \u2013 V\u00ednculo Mortal\u2019 e \u2018O Macaco\u2019),&hellip;\n","protected":false},"author":2,"featured_media":67268,"comment_status":"","ping_status":"","sticky":false,"template":"","format":"standard","meta":{"footnotes":""},"categories":[140],"tags":[18394,18395,114,115,147,148,18396,18397,14295,146,18398,12222,18399,18400,32,33],"class_list":{"0":"post-113798","1":"post","2":"type-post","3":"status-publish","4":"format-standard","5":"has-post-thumbnail","7":"category-filmes","8":"tag-alicia-witt","9":"tag-blair-underwood","10":"tag-entertainment","11":"tag-entretenimento","12":"tag-film","13":"tag-filmes","14":"tag-keeper","15":"tag-longlegs","16":"tag-maika-monroe","17":"tag-movies","18":"tag-nick-lepard","19":"tag-nicolas-cage","20":"tag-o-macaco","21":"tag-osgood-perkins","22":"tag-portugal","23":"tag-pt"},"share_on_mastodon":{"url":"","error":""},"_links":{"self":[{"href":"https:\/\/www.europesays.com\/pt\/wp-json\/wp\/v2\/posts\/113798","targetHints":{"allow":["GET"]}}],"collection":[{"href":"https:\/\/www.europesays.com\/pt\/wp-json\/wp\/v2\/posts"}],"about":[{"href":"https:\/\/www.europesays.com\/pt\/wp-json\/wp\/v2\/types\/post"}],"author":[{"embeddable":true,"href":"https:\/\/www.europesays.com\/pt\/wp-json\/wp\/v2\/users\/2"}],"replies":[{"embeddable":true,"href":"https:\/\/www.europesays.com\/pt\/wp-json\/wp\/v2\/comments?post=113798"}],"version-history":[{"count":0,"href":"https:\/\/www.europesays.com\/pt\/wp-json\/wp\/v2\/posts\/113798\/revisions"}],"wp:featuredmedia":[{"embeddable":true,"href":"https:\/\/www.europesays.com\/pt\/wp-json\/wp\/v2\/media\/67268"}],"wp:attachment":[{"href":"https:\/\/www.europesays.com\/pt\/wp-json\/wp\/v2\/media?parent=113798"}],"wp:term":[{"taxonomy":"category","embeddable":true,"href":"https:\/\/www.europesays.com\/pt\/wp-json\/wp\/v2\/categories?post=113798"},{"taxonomy":"post_tag","embeddable":true,"href":"https:\/\/www.europesays.com\/pt\/wp-json\/wp\/v2\/tags?post=113798"}],"curies":[{"name":"wp","href":"https:\/\/api.w.org\/{rel}","templated":true}]}}