{"id":113811,"date":"2025-10-16T22:18:09","date_gmt":"2025-10-16T22:18:09","guid":{"rendered":"https:\/\/www.europesays.com\/pt\/113811\/"},"modified":"2025-10-16T22:18:09","modified_gmt":"2025-10-16T22:18:09","slug":"cotrim-de-figueiredo-o-politico-acidental-da-se-a-conhecer-em-livro","status":"publish","type":"post","link":"https:\/\/www.europesays.com\/pt\/113811\/","title":{"rendered":"Cotrim de Figueiredo, o pol\u00edtico \u201cacidental\u201d d\u00e1-se a conhecer em livro"},"content":{"rendered":"<p>Quando, em junho de 2024, visitou o stand da Zigurate, na Feira do Livro de Lisboa, em plena campanha das europeias, Jo\u00e3o Cotrim de Figueiredo n\u00e3o imaginava que um ano depois seria convidado para escrever um livro. Ali, cumprimentou Carlos Vaz Marques, que lidera a editora independente, e comprou o livro \u201cNa Cabe\u00e7a de Xi\u201d, de Fran\u00e7ois Bougon. Um ano depois escreve o seu.\u2028O convite chegou meses antes de anunciar que avan\u00e7ava para Bel\u00e9m, mas a ideia de ser forte para a comunica\u00e7\u00e3o e notoriedade do candidato presidencial foi decisiva para aceitar.<\/p>\n<p><a href=\"https:\/\/expresso.pt\/subscrever?action=GEN&amp;channel=VID&amp;type=CAP&amp;source=WEB&amp;returnUrl=https:\/\/expresso.pt\/politica\/2025-10-16-cotrim-de-figueiredo-o-politico-acidental-da-se-a-conhecer-em-livro-2f288a2e?utm_source\\u003dexpresso\\u0026utm_medium\\u003dcategory\\u0026utm_campaign\\u003dWEB\\u0026utm_content\\u003d\/politica\/2025-10-16-cotrim-de-figueiredo-o-politico-acidental-da-se-a-conhecer-em-livro-2f288a2e=&amp;utm_source=expresso&amp;utm_medium=locked_article&amp;locked=true&amp;article_id=3d6de34e-6cd7-4a63-a6a3-0db4a9c36c68&amp;author_id=Liliana+Coelho&amp;category=Pol\u00edtica\" target=\"_self\" class=\"\" rel=\"nofollow noopener\">Subscrever<\/a>J\u00e1 \u00e9 Subscritor?Fa\u00e7a login e continue a ler<a href=\"http:\/\/expresso.pt\/codigo?redirectUrl=https:\/\/expresso.pt\/politica\/2025-10-16-cotrim-de-figueiredo-o-politico-acidental-da-se-a-conhecer-em-livro-2f288a2e?utm_source\\u003dexpresso\\u0026utm_medium\\u003dcategory\\u0026utm_campaign\\u003dWEB\\u0026utm_content\\u003d\/politica\/2025-10-16-cotrim-de-figueiredo-o-politico-acidental-da-se-a-conhecer-em-livro-2f288a2e=\" target=\"_self\" class=\"\" rel=\"nofollow noopener\">Inserir C\u00f3digo<\/a>Comprou o Expresso?Insira o c\u00f3digo presente na Revista E para continuar a ler<\/p>\n","protected":false},"excerpt":{"rendered":"Quando, em junho de 2024, visitou o stand da Zigurate, na Feira do Livro de Lisboa, em plena&hellip;\n","protected":false},"author":2,"featured_media":113812,"comment_status":"","ping_status":"","sticky":false,"template":"","format":"standard","meta":{"footnotes":""},"categories":[143],"tags":[169,114,115,170,32,33],"class_list":{"0":"post-113811","1":"post","2":"type-post","3":"status-publish","4":"format-standard","5":"has-post-thumbnail","7":"category-livros","8":"tag-books","9":"tag-entertainment","10":"tag-entretenimento","11":"tag-livros","12":"tag-portugal","13":"tag-pt"},"share_on_mastodon":{"url":"","error":""},"_links":{"self":[{"href":"https:\/\/www.europesays.com\/pt\/wp-json\/wp\/v2\/posts\/113811","targetHints":{"allow":["GET"]}}],"collection":[{"href":"https:\/\/www.europesays.com\/pt\/wp-json\/wp\/v2\/posts"}],"about":[{"href":"https:\/\/www.europesays.com\/pt\/wp-json\/wp\/v2\/types\/post"}],"author":[{"embeddable":true,"href":"https:\/\/www.europesays.com\/pt\/wp-json\/wp\/v2\/users\/2"}],"replies":[{"embeddable":true,"href":"https:\/\/www.europesays.com\/pt\/wp-json\/wp\/v2\/comments?post=113811"}],"version-history":[{"count":0,"href":"https:\/\/www.europesays.com\/pt\/wp-json\/wp\/v2\/posts\/113811\/revisions"}],"wp:featuredmedia":[{"embeddable":true,"href":"https:\/\/www.europesays.com\/pt\/wp-json\/wp\/v2\/media\/113812"}],"wp:attachment":[{"href":"https:\/\/www.europesays.com\/pt\/wp-json\/wp\/v2\/media?parent=113811"}],"wp:term":[{"taxonomy":"category","embeddable":true,"href":"https:\/\/www.europesays.com\/pt\/wp-json\/wp\/v2\/categories?post=113811"},{"taxonomy":"post_tag","embeddable":true,"href":"https:\/\/www.europesays.com\/pt\/wp-json\/wp\/v2\/tags?post=113811"}],"curies":[{"name":"wp","href":"https:\/\/api.w.org\/{rel}","templated":true}]}}