{"id":113813,"date":"2025-10-16T22:19:20","date_gmt":"2025-10-16T22:19:20","guid":{"rendered":"https:\/\/www.europesays.com\/pt\/113813\/"},"modified":"2025-10-16T22:19:20","modified_gmt":"2025-10-16T22:19:20","slug":"traicao-dylan-nao-esconde-a-revolta-apos-o-fim-com-vera-e-aproximacao-de-ines-secret-story","status":"publish","type":"post","link":"https:\/\/www.europesays.com\/pt\/113813\/","title":{"rendered":"Trai\u00e7\u00e3o? Dylan n\u00e3o esconde a revolta ap\u00f3s o fim com Vera e aproxima\u00e7\u00e3o de In\u00eas &#8211; Secret Story"},"content":{"rendered":"<p style=\"margin-bottom:11px\">A gala do \u00faltimo domingo do Secret Story 9 ficou marcada <strong>por uma aut\u00eantica reviravolta que ningu\u00e9m previa<\/strong>. Dylan e Vera, uma das duplas que mais prometia dentro da casa, <strong>decidiram colocar um ponto final na rela\u00e7\u00e3o<\/strong>. O motivo? <strong>Uma aproxima\u00e7\u00e3o cada vez mais evidente entre Vera e In\u00eas<\/strong>, que tem dado muito que falar entre os concorrentes e os f\u00e3s do programa.<\/p>\n<p>Nos \u00faltimos dias,<strong> as duas concorrentes t\u00eam-se mostrado particularmente c\u00famplices, trocando confid\u00eancias, olhares e momentos de carinho<\/strong>. Vera chegou mesmo a admitir<strong> sentir interesse por algo mais com In\u00eas<\/strong>, uma revela\u00e7\u00e3o que apanhou todos de surpresa, <strong>especialmente Dylan<\/strong>, que n\u00e3o escondeu o choque e o desconforto com a situa\u00e7\u00e3o.<\/p>\n<p>Desde ent\u00e3o, <strong>o ambiente dentro da casa tem estado tenso<\/strong>. Dylan <strong>sente-se tra\u00eddo e magoado<\/strong>, afirmando que nunca esperava ver Vera envolver-se com outra pessoa.<\/p>\n<p><strong>As declara\u00e7\u00f5es de Dylan geraram desconforto entre os colegas<\/strong>, que tentaram acalm\u00e1-lo, embora alguns tenham partilhado da sua perplexidade. V\u00e1rios concorrentes <strong>criticaram tamb\u00e9m o facto de Vera e In\u00eas continuarem a dormir juntas<\/strong>, mesmo ap\u00f3s negarem publicamente qualquer envolvimento amoroso.<\/p>\n<p>Antes da festa desta quarta-feira, dia 15 de outubro,<strong> a tens\u00e3o atingiu um novo ponto<\/strong>. Enquanto alguns concorrentes conversavam no exterior da casa sobre o \u201ctri\u00e2ngulo\u201d entre In\u00eas, Vera e Dylan, o jovem acabou por desabafar sobre tudo o que estava a sentir: \u00abN\u00e3o quero levar com aquela gaja. Nem posso v\u00ea-la pintada j\u00e1\u00bb, desabafou Dylan, visivelmente irritado, perante os colegas.<\/p>\n<p>Mas o desabafo n\u00e3o ficou por a\u00ed. <strong>O concorrente foi mais longe e mencionou at\u00e9 as filhas de Vera<\/strong>, questionando o comportamento da colega: \u00abComo \u00e9 que ela consegue fazer isto? E agora sim, vou tocar no nome das filhas, sem ofend\u00ea-las, mas, com duas crian\u00e7as de 10 e 8 anos a ver a m\u00e3e a fazer isto\u2026 a estar com um homem durante um m\u00eas e depois larg\u00e1-lo porque disse que estava apaixonada por uma mulher?\u00bb<\/p>\n<p>A tens\u00e3o \u00e9 palp\u00e1vel e, segundo quem acompanha o reality show, <strong>o clima na casa nunca esteve t\u00e3o carregado<\/strong>. Dylan evita o contacto com Vera, <strong>afirmando j\u00e1 n\u00e3o conseguir sequer olhar para ela<\/strong>. Do outro lado, Vera surge v\u00e1rias vezes em l\u00e1grimas, visivelmente incomodada com toda esta situa\u00e7\u00e3o.<\/p>\n<p>\u00a0<\/p>\n","protected":false},"excerpt":{"rendered":"A gala do \u00faltimo domingo do Secret Story 9 ficou marcada por uma aut\u00eantica reviravolta que ningu\u00e9m previa.&hellip;\n","protected":false},"author":2,"featured_media":113814,"comment_status":"","ping_status":"","sticky":false,"template":"","format":"standard","meta":{"footnotes":""},"categories":[142],"tags":[8113,2632,329,333,328,335,336,19105,114,115,334,330,15353,1326,338,19019,13,32,33,1315,8174,151,162,11841,19020,227],"class_list":{"0":"post-113813","1":"post","2":"type-post","3":"status-publish","4":"format-standard","5":"has-post-thumbnail","7":"category-tv","8":"tag-alice-alves","9":"tag-casa-dos-segredos","10":"tag-claudio-ramos","11":"tag-comentadores","12":"tag-concorrentes","13":"tag-confrontos","14":"tag-discussoes","15":"tag-dylan","16":"tag-entertainment","17":"tag-entretenimento","18":"tag-exclusivos","19":"tag-gala","20":"tag-ines","21":"tag-mafalda-castro","22":"tag-maria-botelho-moniz","23":"tag-marta-cardoso","24":"tag-noticias","25":"tag-portugal","26":"tag-pt","27":"tag-secret-story","28":"tag-segredos","29":"tag-tv","30":"tag-tvi","31":"tag-vera","32":"tag-video-do-dia","33":"tag-videos"},"share_on_mastodon":{"url":"","error":""},"_links":{"self":[{"href":"https:\/\/www.europesays.com\/pt\/wp-json\/wp\/v2\/posts\/113813","targetHints":{"allow":["GET"]}}],"collection":[{"href":"https:\/\/www.europesays.com\/pt\/wp-json\/wp\/v2\/posts"}],"about":[{"href":"https:\/\/www.europesays.com\/pt\/wp-json\/wp\/v2\/types\/post"}],"author":[{"embeddable":true,"href":"https:\/\/www.europesays.com\/pt\/wp-json\/wp\/v2\/users\/2"}],"replies":[{"embeddable":true,"href":"https:\/\/www.europesays.com\/pt\/wp-json\/wp\/v2\/comments?post=113813"}],"version-history":[{"count":0,"href":"https:\/\/www.europesays.com\/pt\/wp-json\/wp\/v2\/posts\/113813\/revisions"}],"wp:featuredmedia":[{"embeddable":true,"href":"https:\/\/www.europesays.com\/pt\/wp-json\/wp\/v2\/media\/113814"}],"wp:attachment":[{"href":"https:\/\/www.europesays.com\/pt\/wp-json\/wp\/v2\/media?parent=113813"}],"wp:term":[{"taxonomy":"category","embeddable":true,"href":"https:\/\/www.europesays.com\/pt\/wp-json\/wp\/v2\/categories?post=113813"},{"taxonomy":"post_tag","embeddable":true,"href":"https:\/\/www.europesays.com\/pt\/wp-json\/wp\/v2\/tags?post=113813"}],"curies":[{"name":"wp","href":"https:\/\/api.w.org\/{rel}","templated":true}]}}