{"id":113815,"date":"2025-10-16T22:20:11","date_gmt":"2025-10-16T22:20:11","guid":{"rendered":"https:\/\/www.europesays.com\/pt\/113815\/"},"modified":"2025-10-16T22:20:11","modified_gmt":"2025-10-16T22:20:11","slug":"a-musica-solo-de-rumi-que-foi-descartada-de-guerreiras-do-k-pop","status":"publish","type":"post","link":"https:\/\/www.europesays.com\/pt\/113815\/","title":{"rendered":"A m\u00fasica solo de Rumi que foi descartada de &#8216;Guerreiras do K-Pop&#8217;"},"content":{"rendered":"<p><a href=\"https:\/\/recreio.com.br\/tags\/guerreiras-do-k-pop\" rel=\"nofollow noopener\" target=\"_blank\">\u201cGuerreiras do K-Pop\u201d<\/a> continua fazendo sucesso no mundo: ap\u00f3s se tornar o t\u00edtulo mais visto da Netflix e render ao filme quatro indica\u00e7\u00f5es ao MAMA Awards 2025, as curiosidades acerca de um dos maiores filmes de 2025 n\u00e3o param de surgir. Uma destas \u00e9 de que Rumi, a vocalista das HUNTR\/X, teve uma m\u00fasica solo cortada do longa-metragen. <strong>EJAE<\/strong> revelou que nem tudo est\u00e1 perdido e ela apare\u00e7a na sequ\u00eancia da anima\u00e7\u00e3o da Sony.<\/p>\n<p>Em entrevista ao Collider, <a href=\"https:\/\/www.instagram.com\/ejae_k\/\" rel=\"nofollow noopener\" target=\"_blank\">EJAE<\/a> contou que a m\u00fasica descartada do primeiro filme era um pouco mais sombria. Sim, de fato h\u00e1 alguns momentos mais \u201ctrevosos\u201d em torno de Rumi e sua real identidade. Mas, a protagonista teria um momento um pouco mais intimista com uma faixa que exploraria toda a pot\u00eancia de Rumi na voz cantada de <strong>EJAE<\/strong>. A compositora revelou o seguinte sobre a faixa:<\/p>\n<blockquote>\n<p>\u201cAcho que teve uma que foi muito pessoal para a Rumi, e foi como se ela estivesse desmoronando. Era uma m\u00fasica bem balada, meio sombria, mas ainda esperan\u00e7osa, mas com um toque de tristeza. Era poderosa. Era algo que eu adorava cantar, mas n\u00e3o est\u00e1 na moda. Mas quem sabe? Talvez na pr\u00f3xima .\u201d<\/p>\n<\/blockquote>\n<p> <strong>Vem a\u00ed a continua\u00e7\u00e3o?<\/strong> <\/p>\n<p>\u00c9 quase confirmado que \u201cGuerreiras do K-Pop\u201d ter\u00e1 uma continua\u00e7\u00e3o. Ap\u00f3s o estrondoso fen\u00f4meno que a anima\u00e7\u00e3o se tornou, n\u00e3o \u00e9 de se espantar. <strong>Maggie Kang<\/strong>, uma das diretoras da obra, descartou um live-action nesta semana. Por\u00e9m, uma segunda parte do filme \u00e9 esperado para, quem sabe, o pr\u00f3ximo ano. <strong>Kang<\/strong> e <strong>Chris Appelhans<\/strong> j\u00e1 disseram que h\u00e1 um interesse de contar mais sobre as HUNTR\/X \u2013 tanto deles, quanto da Netflix. <strong>Maggie<\/strong> garante que, para isso acontecer, \u00e9 preciso um norte que se mantenha fiel ao original:<\/p>\n<blockquote>\n<p>\u201cAcho que \u00e9 apenas uma hist\u00f3ria que queremos ver. \u00c9 como este primeiro filme. \u00c9 uma cole\u00e7\u00e3o de tudo o que quer\u00edamos ver na anima\u00e7\u00e3o e o tipo de narrativa que quer\u00edamos ver, ent\u00e3o acho que o segundo filme tamb\u00e9m ser\u00e1 impulsionado por isso. Quando voc\u00ea faz um original em um longa de 90 minutos, h\u00e1 um tipo de estrutura bastante satisfat\u00f3ria e convencional, e este filme segue essa estrutura, embora muitos dos ingredientes sejam \u00fanicos. Mas a ideia de adicionar um cap\u00edtulo imediatamente significa que voc\u00ea n\u00e3o pode simplesmente repetir essa estrutura , e eu acho que \u00e9 muito divertido trabalhar com isso em vez de ficar na mesma coisa de sempre.\u201d<\/p>\n<\/blockquote>\n<p> Mais sobre o fen\u00f4meno \u201cGuerreiras do K-Pop\u201d <\/p>\n<p>\u201cGolden\u201d, faixa de <a href=\"https:\/\/pt.wikipedia.org\/wiki\/KPop_Demon_Hunters\" rel=\"nofollow noopener\" target=\"_blank\">\u201cGuerreiras do K-Pop\u201d<\/a>, se tornou um dos maiores hits de 2025 mundialmente: conquistou dois discos de platina e ficou no primeiro lugar da Billboard Hot 100 por algumas vezes. O filme \u00e9 um tremendo acerto: al\u00e9m de se tornar o t\u00edtulo mais visto da hist\u00f3ria da Netflix, a anima\u00e7\u00e3o conquistou f\u00e3s de todos os cantos do mundo. Nele, acompanhamos a hist\u00f3ria de Rumi, Mira e Zoey: enquanto dominam o mundo com sua m\u00fasica e voz, elas precisam manter o honmoon forte para proteger a todos de invas\u00f5es de dem\u00f4nios. Tudo se complica quando os Saja Boys, uma boyband demon\u00edaca, surge para roubar a aten\u00e7\u00e3o dos f\u00e3s e coloca em risco a popularidade das HUNTR\/X. Com dramas, romance e muita m\u00fasica chiclete, o filme est\u00e1 <a href=\"https:\/\/www.netflix.com\/br\/title\/81498621\" rel=\"nofollow noopener\" target=\"_blank\">dispon\u00edvel na gigante do streaming, mediante \u00e0 assinatura.<\/a><\/p>\n<p>\t                                            <script async src=\"\/\/www.instagram.com\/embed.js\"><\/script><\/p>\n","protected":false},"excerpt":{"rendered":"\u201cGuerreiras do K-Pop\u201d continua fazendo sucesso no mundo: ap\u00f3s se tornar o t\u00edtulo mais visto da Netflix e&hellip;\n","protected":false},"author":2,"featured_media":113816,"comment_status":"","ping_status":"","sticky":false,"template":"","format":"standard","meta":{"footnotes":""},"categories":[141],"tags":[22202,114,115,4550,149,150,716,32,33],"class_list":{"0":"post-113815","1":"post","2":"type-post","3":"status-publish","4":"format-standard","5":"has-post-thumbnail","7":"category-musica","8":"tag-ejae","9":"tag-entertainment","10":"tag-entretenimento","11":"tag-guerreiras-do-k-pop","12":"tag-music","13":"tag-musica","14":"tag-netflix","15":"tag-portugal","16":"tag-pt"},"share_on_mastodon":{"url":"","error":""},"_links":{"self":[{"href":"https:\/\/www.europesays.com\/pt\/wp-json\/wp\/v2\/posts\/113815","targetHints":{"allow":["GET"]}}],"collection":[{"href":"https:\/\/www.europesays.com\/pt\/wp-json\/wp\/v2\/posts"}],"about":[{"href":"https:\/\/www.europesays.com\/pt\/wp-json\/wp\/v2\/types\/post"}],"author":[{"embeddable":true,"href":"https:\/\/www.europesays.com\/pt\/wp-json\/wp\/v2\/users\/2"}],"replies":[{"embeddable":true,"href":"https:\/\/www.europesays.com\/pt\/wp-json\/wp\/v2\/comments?post=113815"}],"version-history":[{"count":0,"href":"https:\/\/www.europesays.com\/pt\/wp-json\/wp\/v2\/posts\/113815\/revisions"}],"wp:featuredmedia":[{"embeddable":true,"href":"https:\/\/www.europesays.com\/pt\/wp-json\/wp\/v2\/media\/113816"}],"wp:attachment":[{"href":"https:\/\/www.europesays.com\/pt\/wp-json\/wp\/v2\/media?parent=113815"}],"wp:term":[{"taxonomy":"category","embeddable":true,"href":"https:\/\/www.europesays.com\/pt\/wp-json\/wp\/v2\/categories?post=113815"},{"taxonomy":"post_tag","embeddable":true,"href":"https:\/\/www.europesays.com\/pt\/wp-json\/wp\/v2\/tags?post=113815"}],"curies":[{"name":"wp","href":"https:\/\/api.w.org\/{rel}","templated":true}]}}