{"id":113817,"date":"2025-10-16T22:21:19","date_gmt":"2025-10-16T22:21:19","guid":{"rendered":"https:\/\/www.europesays.com\/pt\/113817\/"},"modified":"2025-10-16T22:21:19","modified_gmt":"2025-10-16T22:21:19","slug":"grande-ponto-ator-de-it-teve-cranio-esmagado-em-cirurgia-de-emergencia","status":"publish","type":"post","link":"https:\/\/www.europesays.com\/pt\/113817\/","title":{"rendered":"Grande Ponto &#8211; Ator de It teve cr\u00e2nio esmagado em cirurgia de emerg\u00eancia"},"content":{"rendered":"<p>                        <img decoding=\"async\" class=\"mw-100\" src=\"https:\/\/www.europesays.com\/pt\/wp-content\/uploads\/2025\/10\/01K7PTAR1JDW3AR69KMG8XATFS.jpg\"\/><br \/>\n                        Cr\u00e9ditos: Reprodu\u00e7\u00e3o<br \/>\n                        <a href=\"https:\/\/www.europesays.com\/pt\/wp-content\/uploads\/2025\/10\/01K7PTAR1JDW3AR69KMG8XATFS.jpg\" data-lightbox=\"post-image\" data-title=\"Cr\u00e9ditos: Reprodu\u00e7\u00e3o \"><br \/>\n                        <\/a><\/p>\n<p>O ator Tim Curry, famoso por interpretar o palha\u00e7o Pennywise em It: Uma Obra-Prima do Medo (1990), revelou em seu livro de mem\u00f3rias Vagabond que teve o cr\u00e2nio parcialmente removido durante uma cirurgia ap\u00f3s sofrer um derrame em 2012.<\/p>\n<p>O derrame ocorreu enquanto ele recebia uma massagem. Curry sentiu apenas um mal-estar leve, mas o massagista chamou a emerg\u00eancia, salvando sua vida. No hospital, ele passou por uma craniectomia de emerg\u00eancia, em que parte do osso do cr\u00e2nio foi retirada e implantada no abd\u00f4men para aliviar a press\u00e3o no c\u00e9rebro. Dois co\u00e1gulos foram removidos, mas ele ficou com paralisia no lado esquerdo do corpo.<\/p>\n<p>Curry relatou dificuldades cognitivas durante a recupera\u00e7\u00e3o, precisando de tempo para reaprender a processar palavras e lidar com a nova condi\u00e7\u00e3o. Ele tamb\u00e9m precisou usar um capacete de prote\u00e7\u00e3o tempor\u00e1rio.<\/p>\n<p>Al\u00e9m de It, Curry tem carreira marcada por filmes como The Rocky Horror Picture Show (1975), A Lenda (1985), Os Sete Suspeitos (1985) e Esqueceram de Mim 2 \u2013 Perdido em Nova York (1992).<\/p>\n","protected":false},"excerpt":{"rendered":"Cr\u00e9ditos: Reprodu\u00e7\u00e3o O ator Tim Curry, famoso por interpretar o palha\u00e7o Pennywise em It: Uma Obra-Prima do Medo&hellip;\n","protected":false},"author":2,"featured_media":113818,"comment_status":"","ping_status":"","sticky":false,"template":"","format":"standard","meta":{"footnotes":""},"categories":[140],"tags":[1244,5953,21701,1458,6154,2047,114,115,26768,147,148,26766,146,32,33,26767],"class_list":{"0":"post-113817","1":"post","2":"type-post","3":"status-publish","4":"format-standard","5":"has-post-thumbnail","7":"category-filmes","8":"tag-ator","9":"tag-cirurgia","10":"tag-cranio","11":"tag-de","12":"tag-em","13":"tag-emergencia","14":"tag-entertainment","15":"tag-entretenimento","16":"tag-esmagado","17":"tag-film","18":"tag-filmes","19":"tag-it","20":"tag-movies","21":"tag-portugal","22":"tag-pt","23":"tag-teve"},"share_on_mastodon":{"url":"","error":""},"_links":{"self":[{"href":"https:\/\/www.europesays.com\/pt\/wp-json\/wp\/v2\/posts\/113817","targetHints":{"allow":["GET"]}}],"collection":[{"href":"https:\/\/www.europesays.com\/pt\/wp-json\/wp\/v2\/posts"}],"about":[{"href":"https:\/\/www.europesays.com\/pt\/wp-json\/wp\/v2\/types\/post"}],"author":[{"embeddable":true,"href":"https:\/\/www.europesays.com\/pt\/wp-json\/wp\/v2\/users\/2"}],"replies":[{"embeddable":true,"href":"https:\/\/www.europesays.com\/pt\/wp-json\/wp\/v2\/comments?post=113817"}],"version-history":[{"count":0,"href":"https:\/\/www.europesays.com\/pt\/wp-json\/wp\/v2\/posts\/113817\/revisions"}],"wp:featuredmedia":[{"embeddable":true,"href":"https:\/\/www.europesays.com\/pt\/wp-json\/wp\/v2\/media\/113818"}],"wp:attachment":[{"href":"https:\/\/www.europesays.com\/pt\/wp-json\/wp\/v2\/media?parent=113817"}],"wp:term":[{"taxonomy":"category","embeddable":true,"href":"https:\/\/www.europesays.com\/pt\/wp-json\/wp\/v2\/categories?post=113817"},{"taxonomy":"post_tag","embeddable":true,"href":"https:\/\/www.europesays.com\/pt\/wp-json\/wp\/v2\/tags?post=113817"}],"curies":[{"name":"wp","href":"https:\/\/api.w.org\/{rel}","templated":true}]}}