{"id":113823,"date":"2025-10-16T22:24:11","date_gmt":"2025-10-16T22:24:11","guid":{"rendered":"https:\/\/www.europesays.com\/pt\/113823\/"},"modified":"2025-10-16T22:24:11","modified_gmt":"2025-10-16T22:24:11","slug":"secret-story-9-concorrentes-em-lagrimas-com-desistencia-inesperada-de-leandro-mas-ha-um-segredo-por-tras-secret-story","status":"publish","type":"post","link":"https:\/\/www.europesays.com\/pt\/113823\/","title":{"rendered":"Secret Story 9: Concorrentes em l\u00e1grimas com \u201cdesist\u00eancia\u201d inesperada de Leandro \u2014 mas h\u00e1 um segredo por tr\u00e1s! &#8211; Secret Story"},"content":{"rendered":"<p data-end=\"123\" data-start=\"0\">O Secret Story 9 viveu um dos momentos mais intensos desta edi\u00e7\u00e3o. Esta quinta-feira, <strong>Leandro surpreendeu todos os concorrentes com o an\u00fancio da\u00a0desist\u00eancia, deixando a casa em choque. Mas tudo n\u00e3o passou de uma miss\u00e3o<\/strong><a href=\"https:\/\/tvi.iol.pt\/secretstory\/videos\/era-uma-missao-leandro-engana-tudo-e-todos-com-falsa-desistencia-as-imagens-reveladoras\/68f12c2a0cf29d28d828d715\" rel=\"nofollow noopener\" target=\"_blank\">, a mando do anfitri\u00e3o da casa.<\/a><\/p>\n<p data-end=\"123\" data-start=\"0\"><a href=\"https:\/\/tvi.iol.pt\/secretstory\/videos\/leandro-desiste-do-secret-story-9-em-choque-colegas-acabam-em-lagrimas\/68f12bb70cf29d28d828d713\" rel=\"nofollow noopener\" target=\"_blank\">Durante o an\u00fancio, Leandro afirmou<\/a>: \u00abPrometi a mim pr\u00f3prio nunca desistir mas o que tenho vivido aqui tem sido muito intenso. Tentei-me adaptar, mas decidi mesmo abandonar\u00bb.<\/p>\n<p data-end=\"622\" data-start=\"337\">As rea\u00e7\u00f5es foram imediatas: <strong data-end=\"576\" data-start=\"520\">l\u00e1grimas, abra\u00e7os e express\u00f5es de pura incredulidade<\/strong> tomaram conta da casa mais vigiada do pa\u00eds. No entanto, o que os concorrentes n\u00e3o sabem \u00e9 que <strong data-end=\"698\" data-start=\"674\">Leandro n\u00e3o desistiu<\/strong> \u2014 <a href=\"https:\/\/tvi.iol.pt\/secretstory\/videos\/era-uma-missao-leandro-engana-tudo-e-todos-com-falsa-desistencia-as-imagens-reveladoras\/68f12c2a0cf29d28d828d715\" rel=\"nofollow noopener\" target=\"_blank\">est\u00e1 apenas <strong data-end=\"734\" data-start=\"713\">em miss\u00e3o secreta.<\/strong><\/a><\/p>\n<p>Veja aqui o momento em que a Voz atribuiu a miss\u00e3o ao concorrente: <\/p>\n<p data-end=\"948\" data-start=\"813\">\ud83d\udc49<a href=\"https:\/\/tvi.iol.pt\/secretstory\/fotos\/leandro-desiste-do-secret-story-e-a-casa-fica-em-choque-todas-as-reacoes-aqui\/68f13aa3d34ee0c2fed1569a\" rel=\"nofollow noopener\" target=\"_blank\"> Veja as imagens do momento e todas as rea\u00e7\u00f5es dos colegas<\/a>, que acreditam ter perdido um dos jogadores mais marcantes desta edi\u00e7\u00e3o, na galeria acima.<\/p>\n","protected":false},"excerpt":{"rendered":"O Secret Story 9 viveu um dos momentos mais intensos desta edi\u00e7\u00e3o. Esta quinta-feira, Leandro surpreendeu todos os&hellip;\n","protected":false},"author":2,"featured_media":113824,"comment_status":"","ping_status":"","sticky":false,"template":"","format":"standard","meta":{"footnotes":""},"categories":[85],"tags":[8113,2632,329,333,328,335,336,114,115,334,330,12397,1326,338,19019,13,32,33,1315,8174,162,19020,227],"class_list":{"0":"post-113823","1":"post","2":"type-post","3":"status-publish","4":"format-standard","5":"has-post-thumbnail","7":"category-entretenimento","8":"tag-alice-alves","9":"tag-casa-dos-segredos","10":"tag-claudio-ramos","11":"tag-comentadores","12":"tag-concorrentes","13":"tag-confrontos","14":"tag-discussoes","15":"tag-entertainment","16":"tag-entretenimento","17":"tag-exclusivos","18":"tag-gala","19":"tag-leandro","20":"tag-mafalda-castro","21":"tag-maria-botelho-moniz","22":"tag-marta-cardoso","23":"tag-noticias","24":"tag-portugal","25":"tag-pt","26":"tag-secret-story","27":"tag-segredos","28":"tag-tvi","29":"tag-video-do-dia","30":"tag-videos"},"share_on_mastodon":{"url":"","error":""},"_links":{"self":[{"href":"https:\/\/www.europesays.com\/pt\/wp-json\/wp\/v2\/posts\/113823","targetHints":{"allow":["GET"]}}],"collection":[{"href":"https:\/\/www.europesays.com\/pt\/wp-json\/wp\/v2\/posts"}],"about":[{"href":"https:\/\/www.europesays.com\/pt\/wp-json\/wp\/v2\/types\/post"}],"author":[{"embeddable":true,"href":"https:\/\/www.europesays.com\/pt\/wp-json\/wp\/v2\/users\/2"}],"replies":[{"embeddable":true,"href":"https:\/\/www.europesays.com\/pt\/wp-json\/wp\/v2\/comments?post=113823"}],"version-history":[{"count":0,"href":"https:\/\/www.europesays.com\/pt\/wp-json\/wp\/v2\/posts\/113823\/revisions"}],"wp:featuredmedia":[{"embeddable":true,"href":"https:\/\/www.europesays.com\/pt\/wp-json\/wp\/v2\/media\/113824"}],"wp:attachment":[{"href":"https:\/\/www.europesays.com\/pt\/wp-json\/wp\/v2\/media?parent=113823"}],"wp:term":[{"taxonomy":"category","embeddable":true,"href":"https:\/\/www.europesays.com\/pt\/wp-json\/wp\/v2\/categories?post=113823"},{"taxonomy":"post_tag","embeddable":true,"href":"https:\/\/www.europesays.com\/pt\/wp-json\/wp\/v2\/tags?post=113823"}],"curies":[{"name":"wp","href":"https:\/\/api.w.org\/{rel}","templated":true}]}}