{"id":113825,"date":"2025-10-16T22:27:07","date_gmt":"2025-10-16T22:27:07","guid":{"rendered":"https:\/\/www.europesays.com\/pt\/113825\/"},"modified":"2025-10-16T22:27:07","modified_gmt":"2025-10-16T22:27:07","slug":"bastou-ouvir-falar-nos-tomahawk-zelensky-frisa-pressao-sobre-putin-para-voltar-ao-dialogo","status":"publish","type":"post","link":"https:\/\/www.europesays.com\/pt\/113825\/","title":{"rendered":"Bastou &#8220;ouvir falar nos Tomahawk&#8221;. Zelensky frisa press\u00e3o sobre Putin para voltar ao di\u00e1logo"},"content":{"rendered":"<p>                    O telefonema com Trump deu-se a pedido russo.<\/p>\n<p><a href=\"https:\/\/www.rtp.pt\/noticias\/mundo\/trump-e-putin-falam-antes-da-ida-de-zelensky-a-casa-branca_n1691660\" target=\"_blank\" rel=\"nofollow noopener\">Um dos principais pontos em discuss\u00e3o foi a possibilidade dos EUA fornecerem a Kiev m\u00edsseis de longo alcance Tomahawk, norte-americanos.<\/a>Os Tomahawk podem atingir alvos a 2.500 quil\u00f3metros, colocando Moscovo ao alcance do ex\u00e9rcito ucraniano. Podem ainda transportar cargas nucleares.<\/p>\n<p>Ao comentar a conversa, Zelensky ironizou. &#8220;<b>Podemos ver a pressa da R\u00fassia para retomar o di\u00e1logo mal ouviu falar dos m\u00edsseis Tomahawk<\/b>&#8220;, afirmou.\u00a0<\/p>\n<p>&#13;<br \/>\nAo escrever esta tarde no Telegram, Volodymyr Zelenskiy n\u00e3o se referiu diretamente ao acordo de Trump com Putin para uma nova cimeira, em Budapeste, em data a determinar.&#13;\n<\/p>\n<p>&#13;<br \/>\n<br \/>&#13;<br \/>\nTrump antecipou depois, ao responder a jornalistas na Casa Branca, que o encontro se ir\u00e1 dar em breve. &#8220;Diria que dentro de duas semanas ou algo assim, bastante depressa&#8221;, respondeu.<br \/>&#13;\n<\/p>\n<p>&#13;<br \/>\nZelensky escreveu ser claro que a R\u00fassia se sentiu pressionada a retomar o di\u00e1logo &#8220;ao ouvir falar dos Tomahawks&#8221;, referindo-se \u00e0 sugest\u00e3o de Trump, domingo passado, de que poderia fornecer estes m\u00edsseis a Kiev. Zelensky j\u00e1 garantiu que os alvos ucranianos ser\u00e3o somente militares.&#13;\n<\/p>\n<p>Antecipando o seu encontro com Trump amanh\u00e3, Zelensky disse esperar que o &#8220;\u00edmpeto&#8221; para conter o &#8220;terrorismo e a guerra&#8221; \u2014 que &#8220;funcionou bem no M\u00e9dio Oriente&#8221; \u2014 ajude a p\u00f4r fim \u00e0 guerra na Ucr\u00e2nia.<\/p>\n<p>&#8220;<b>Putin n\u00e3o \u00e9 certamente mais corajoso do que o Hamas ou qualquer outro terrorista<\/b>&#8220;, escreveu, acrescentando que &#8220;a linguagem da for\u00e7a e da justi\u00e7a&#8221; tamb\u00e9m funcionar\u00e1 contra a R\u00fassia.&#13;\n<\/p>\n<p>&#13;<br \/>\nA iniciativa de Putin e a marca\u00e7\u00e3o da cimeira de Budapeste dever\u00e1 levar Trump a adiar a entrega dos Tomahawk, que poderia estar j\u00e1 na calha, do ponto de vista de Kiev.&#13;\n<\/p>\n<p>&#13;<br \/>\nZelensky ter\u00e1 de recorrer a toda a sua capacidade negocial para convencer Trump a pressionar Putin entregando os Tomahawk a Kiev.&#13;\n<\/p>\n<p>Amea\u00e7as russas<br \/>\nDomingo passado, o presidente dos EUA, admitiu a possibilidade de enviar os Tomahawk aos europeus que os iriam entregar a Kiev, se Putin n\u00e3o se sentasse \u00e0 mesa das negocia\u00e7\u00f5es.<\/p>\n<p>O Kremlin reagiu em f\u00faria e falou em &#8220;escalada&#8221; caso a hip\u00f3tese se concretize.<br \/>&#13;<br \/>\n<b><br \/>&#13;<br \/>\nEsta tarde, Putin avisou Trump que o fornecimento dos m\u00edsseis prejudicaria o processo de paz e os la\u00e7os entre os EUA e a R\u00fassia, referiu o Kremlin.<\/b><\/p>\n<p>Trump e Putin consideraram que a conversa desta quinta-feira foi &#8220;boa e produtiva&#8221; e que se registaram &#8220;grandes avan\u00e7os&#8221;, tendo acordado um novo encontro em Budapeste, Hungria, em data a divulgar.<\/p>\n<p>Donald Trump prometeu partilhar o teor de toda a conversa com Zelensky, sexta-feira. <\/p>\n<p><b>O presidente ucraniano dever\u00e1 pedir ao hom\u00f3logo norte-americano que n\u00e3o afaste a possibilidade de envio dos Tomahawk e solicitar armas que permitam fortalecer a defesa a\u00e9rea ucraniana<\/b>, de forma a criar um escudo que proteja o pa\u00eds e as infraestruturas energ\u00e9ticas dos ataques com m\u00edsseis e drone russos.&#13;<\/p>\n","protected":false},"excerpt":{"rendered":"O telefonema com Trump deu-se a pedido russo. Um dos principais pontos em discuss\u00e3o foi a possibilidade dos&hellip;\n","protected":false},"author":2,"featured_media":113826,"comment_status":"","ping_status":"","sticky":false,"template":"","format":"standard","meta":{"footnotes":""},"categories":[50],"tags":[27,28,92,15,16,14,25,26,21,22,62,12,13,19,20,23,24,23485,17,18,840,29,30,31,2415,2416,63,64,65],"class_list":{"0":"post-113825","1":"post","2":"type-post","3":"status-publish","4":"format-standard","5":"has-post-thumbnail","7":"category-mundo","8":"tag-breaking-news","9":"tag-breakingnews","10":"tag-donald-trump","11":"tag-featured-news","12":"tag-featurednews","13":"tag-headlines","14":"tag-latest-news","15":"tag-latestnews","16":"tag-main-news","17":"tag-mainnews","18":"tag-mundo","19":"tag-news","20":"tag-noticias","21":"tag-noticias-principais","22":"tag-noticiasprincipais","23":"tag-principais-noticias","24":"tag-principaisnoticias","25":"tag-tomahawk","26":"tag-top-stories","27":"tag-topstories","28":"tag-ucrania","29":"tag-ultimas","30":"tag-ultimas-noticias","31":"tag-ultimasnoticias","32":"tag-vladimir-putin","33":"tag-volodymyr-zelensky","34":"tag-world","35":"tag-world-news","36":"tag-worldnews"},"share_on_mastodon":{"url":"","error":""},"_links":{"self":[{"href":"https:\/\/www.europesays.com\/pt\/wp-json\/wp\/v2\/posts\/113825","targetHints":{"allow":["GET"]}}],"collection":[{"href":"https:\/\/www.europesays.com\/pt\/wp-json\/wp\/v2\/posts"}],"about":[{"href":"https:\/\/www.europesays.com\/pt\/wp-json\/wp\/v2\/types\/post"}],"author":[{"embeddable":true,"href":"https:\/\/www.europesays.com\/pt\/wp-json\/wp\/v2\/users\/2"}],"replies":[{"embeddable":true,"href":"https:\/\/www.europesays.com\/pt\/wp-json\/wp\/v2\/comments?post=113825"}],"version-history":[{"count":0,"href":"https:\/\/www.europesays.com\/pt\/wp-json\/wp\/v2\/posts\/113825\/revisions"}],"wp:featuredmedia":[{"embeddable":true,"href":"https:\/\/www.europesays.com\/pt\/wp-json\/wp\/v2\/media\/113826"}],"wp:attachment":[{"href":"https:\/\/www.europesays.com\/pt\/wp-json\/wp\/v2\/media?parent=113825"}],"wp:term":[{"taxonomy":"category","embeddable":true,"href":"https:\/\/www.europesays.com\/pt\/wp-json\/wp\/v2\/categories?post=113825"},{"taxonomy":"post_tag","embeddable":true,"href":"https:\/\/www.europesays.com\/pt\/wp-json\/wp\/v2\/tags?post=113825"}],"curies":[{"name":"wp","href":"https:\/\/api.w.org\/{rel}","templated":true}]}}