{"id":113828,"date":"2025-10-16T22:30:12","date_gmt":"2025-10-16T22:30:12","guid":{"rendered":"https:\/\/www.europesays.com\/pt\/113828\/"},"modified":"2025-10-16T22:30:12","modified_gmt":"2025-10-16T22:30:12","slug":"edu-guedes-e-autorizado-a-treinar-apos-cancer-fora-de-forma","status":"publish","type":"post","link":"https:\/\/www.europesays.com\/pt\/113828\/","title":{"rendered":"Edu Guedes \u00e9 autorizado a treinar ap\u00f3s c\u00e2ncer: &#8216;Fora de forma&#8217;"},"content":{"rendered":"<p><img decoding=\"async\" fetchpriority=\"high\" src=\"https:\/\/www.europesays.com\/pt\/wp-content\/uploads\/2025\/10\/e3emn5ikjmeqf9odn822p3b3w.jpg\" width=\"906\" height=\"509\" alt=\"Edu Guedes\" title=\"Edu Guedes\"\/>Reprodu\u00e7\u00e3o\/ Instagram @eduguedesoficial<\/p>\n<p>Edu Guedes<\/p>\n<p class=\"\"><strong>Edu Guedes,<\/strong> de 51 anos, usou as redes sociais nesta quinta-feira (16) para contar uma novidade aos f\u00e3s. Afastado da pr\u00e1tica de exerc\u00edcios f\u00edsicos por conta do tratamento contra c\u00e2ncer no p\u00e2ncreas, o cozinheiro e apresentador recebeu autoriza\u00e7\u00e3o m\u00e9dica para treinar e correr.<\/p>\n<p class=\"\">Por meio do Instagram, plataforma de intera\u00e7\u00e3o virtual na qual soma mais de <strong>3,9 milh\u00f5es de seguidores,<\/strong> o companheiro de <strong>Ana Hickmann<\/strong> celebrou o aval do m\u00e9dico que o acompanha e ainda contou aos internautas como ser\u00e1 esta retomada t\u00e3o aguardada por ele.<\/p>\n<p class=\"\">&#8220;Esta semana, eu recebi a libera\u00e7\u00e3o para voltar a treinar mais firme e tamb\u00e9m voltar a correr. L\u00f3gico, eu estou totalmente fora da forma que eu estava antes das cirurgias, mas estou feliz porque posso treinar novamente, posso fazer as coisas que eu gosto&#8221;, avaliou.<\/p>\n<p class=\"\">&#8220;Mas eu queria dizer uma coisa para todos voc\u00eas. Muitas vezes, a gente acaba sofrendo tamb\u00e9m por antecipa\u00e7\u00e3o com algumas coisas. Tipo, \u00e9 uma segunda-feira, voc\u00ea vai fazer o exame na sexta, e passa a semana inteira preocupado com aquilo. N\u00e3o vale a pena&#8221;, refletiu.<\/p>\n<p class=\"\">Em seguida, o apresentador ainda pontuou aos f\u00e3s que o sofrimento por anteced\u00eancia \u00e9 prejudicial, essencialmente quando se est\u00e1 na expectativa de uma resposta, seja ela positiva ou negativa. Ele aconselhou os internautas a esperarem o momento chegar para entender como lidar com cada situa\u00e7\u00e3o.<\/p>\n<p class=\"\">&#8220;Se voc\u00ea conseguir mudar seu pensamento, fazer outras coisas, outras atividades e n\u00e3o pensar naquilo, vai deixar essas coisas ruins ou qualquer pensamento longe de voc\u00ea. E da\u00ed na sexta, quando voc\u00ea tiver que fazer o exame, fica preocupado. \u00c9 s\u00f3 naquela hora, at\u00e9 sair o exame. E \u00e9 isso. Um beijo grande a todos&#8221;, concluiu.<\/p>\n<p>Romance<\/p>\n<p class=\"\">Amigos h\u00e1 v\u00e1rios anos, <strong>Ana Hickmann<\/strong> e <strong>Edu Guedes<\/strong> oficializaram o namoro em mar\u00e7o de 2024, quatro meses ap\u00f3s a separa\u00e7\u00e3o conturbada da apresentadora com o empres\u00e1rio <strong>Alexandre Correa.<\/strong> <a href=\"https:\/\/gente.ig.com.br\/celebridades\/2025-05-20\/ana-hickmann-se-casa-com-edu-guedes-no-civil.html\" target=\"_blank\" rel=\"noopener nofollow\" data-mce-href=\"https:\/\/gente.ig.com.br\/celebridades\/2025-05-20\/ana-hickmann-se-casa-com-edu-guedes-no-civil.html\" data-mce->Em maio deste ano, eles se casaram no civil.<\/a><\/p>\n","protected":false},"excerpt":{"rendered":"Reprodu\u00e7\u00e3o\/ Instagram @eduguedesoficial Edu Guedes Edu Guedes, de 51 anos, usou as redes sociais nesta quinta-feira (16) para&hellip;\n","protected":false},"author":2,"featured_media":113829,"comment_status":"","ping_status":"","sticky":false,"template":"","format":"standard","meta":{"footnotes":""},"categories":[145],"tags":[211,210,6497,114,115,32,33,21008],"class_list":{"0":"post-113828","1":"post","2":"type-post","3":"status-publish","4":"format-standard","5":"has-post-thumbnail","7":"category-celebridades","8":"tag-celebridades","9":"tag-celebrities","10":"tag-edu-guedes","11":"tag-entertainment","12":"tag-entretenimento","13":"tag-portugal","14":"tag-pt","15":"tag-saiba-mais"},"share_on_mastodon":{"url":"","error":""},"_links":{"self":[{"href":"https:\/\/www.europesays.com\/pt\/wp-json\/wp\/v2\/posts\/113828","targetHints":{"allow":["GET"]}}],"collection":[{"href":"https:\/\/www.europesays.com\/pt\/wp-json\/wp\/v2\/posts"}],"about":[{"href":"https:\/\/www.europesays.com\/pt\/wp-json\/wp\/v2\/types\/post"}],"author":[{"embeddable":true,"href":"https:\/\/www.europesays.com\/pt\/wp-json\/wp\/v2\/users\/2"}],"replies":[{"embeddable":true,"href":"https:\/\/www.europesays.com\/pt\/wp-json\/wp\/v2\/comments?post=113828"}],"version-history":[{"count":0,"href":"https:\/\/www.europesays.com\/pt\/wp-json\/wp\/v2\/posts\/113828\/revisions"}],"wp:featuredmedia":[{"embeddable":true,"href":"https:\/\/www.europesays.com\/pt\/wp-json\/wp\/v2\/media\/113829"}],"wp:attachment":[{"href":"https:\/\/www.europesays.com\/pt\/wp-json\/wp\/v2\/media?parent=113828"}],"wp:term":[{"taxonomy":"category","embeddable":true,"href":"https:\/\/www.europesays.com\/pt\/wp-json\/wp\/v2\/categories?post=113828"},{"taxonomy":"post_tag","embeddable":true,"href":"https:\/\/www.europesays.com\/pt\/wp-json\/wp\/v2\/tags?post=113828"}],"curies":[{"name":"wp","href":"https:\/\/api.w.org\/{rel}","templated":true}]}}