{"id":113830,"date":"2025-10-16T22:32:12","date_gmt":"2025-10-16T22:32:12","guid":{"rendered":"https:\/\/www.europesays.com\/pt\/113830\/"},"modified":"2025-10-16T22:32:12","modified_gmt":"2025-10-16T22:32:12","slug":"livros-do-juiz-carlos-loiola-passam-a-integrar-acervo-da-academia-mineira-de-letras","status":"publish","type":"post","link":"https:\/\/www.europesays.com\/pt\/113830\/","title":{"rendered":"Livros do juiz Carlos Loiola passam a integrar acervo da Academia Mineira de Letras"},"content":{"rendered":"<p>Os livros do juiz Carlos Roberto Loiola agora fazem parte do acervo da Academia Mineira de Letras (AML). Durante visita \u00e0 institui\u00e7\u00e3o na tarde desta quinta-feira, 16 de outubro, o magistrado presenteou o presidente em\u00e9rito da AML, Rog\u00e9rio Faria Tavares, com exemplares de suas obras liter\u00e1rias.<\/p>\n<p><img loading=\"lazy\" decoding=\"async\" style=\"display: block; margin-left: auto; margin-right: auto;\" src=\"https:\/\/www.europesays.com\/pt\/wp-content\/uploads\/2025\/10\/-dsc8293.jpg\" alt=\"\" width=\"800\" height=\"450\"\/><br \/>Os t\u00edtulos entregues s\u00e3o \u201cO Beijo da Inquisi\u00e7\u00e3o\u201d e \u201cA estramb\u00f3tica aventura do Senhor Martius Von Gloeden, o ca\u00e7ador de orqu\u00eddeas\u201d, romance vencedor do IV Pr\u00eamio Liter\u00e1rio Carlos de Oliveira (Portugal). O magistrado tamb\u00e9m doou revistas da Coordenadoria das Associa\u00e7\u00f5es Orquid\u00f3filas do Brasil (COAB). As publica\u00e7\u00f5es passar\u00e3o a integrar o acervo da Academia, refor\u00e7ando o di\u00e1logo entre o Direito, a literatura e a arte.<\/p>\n<p><img loading=\"lazy\" decoding=\"async\" style=\"display: block; margin-left: auto; margin-right: auto;\" src=\"https:\/\/www.europesays.com\/pt\/wp-content\/uploads\/2025\/10\/1760653932_639_2.png\" alt=\"\" width=\"800\" height=\"1000\"\/><br \/>A visita guiada \u00e0 AML fez parte das atividades do curso \u201cA Justi\u00e7a no Espelho das Artes: Cultura, Arte e Direito\u201d, promovido pela Escola Judicial Desembargador Ed\u00e9sio Fernandes (Ejef), do Tribunal de Justi\u00e7a de Minas Gerais (TJMG), em parceria com a Escola Superior da Magistratura Desembargadora Jane Silva (Emajs), da Amagis.<\/p>\n<p>Tamb\u00e9m participaram da visita guiada o 2\u00ba vice-presidente do TJMG e superintendente da Ejef, desembargador Saulo Versiani Penna; o superintendente da Mem\u00f3ria do Judici\u00e1rio Mineiro, desembargador Osvaldo Firmo; o desembargador Fernando Armando Ribeiro, ouvidor do TJMMG; o juiz Elias Charbil Abdou Obeid o diretor executivo da Diretoria Executiva de Desenvolvimento de Pessoas da Ejef, I\u00e1cones Baptista Vargas. <strong><a href=\"https:\/\/www.emajs.com.br\/post\/visita-%C3%A0-aml-integra-atividades-de-curso-promovido-pela-ejef-e-emajs\" rel=\"nofollow noopener\" target=\"_blank\">LEIA MAIS AQUI.<\/a><\/strong><\/p>\n","protected":false},"excerpt":{"rendered":"Os livros do juiz Carlos Roberto Loiola agora fazem parte do acervo da Academia Mineira de Letras (AML).&hellip;\n","protected":false},"author":2,"featured_media":113831,"comment_status":"","ping_status":"","sticky":false,"template":"","format":"standard","meta":{"footnotes":""},"categories":[143],"tags":[169,114,115,170,32,33],"class_list":{"0":"post-113830","1":"post","2":"type-post","3":"status-publish","4":"format-standard","5":"has-post-thumbnail","7":"category-livros","8":"tag-books","9":"tag-entertainment","10":"tag-entretenimento","11":"tag-livros","12":"tag-portugal","13":"tag-pt"},"share_on_mastodon":{"url":"","error":""},"_links":{"self":[{"href":"https:\/\/www.europesays.com\/pt\/wp-json\/wp\/v2\/posts\/113830","targetHints":{"allow":["GET"]}}],"collection":[{"href":"https:\/\/www.europesays.com\/pt\/wp-json\/wp\/v2\/posts"}],"about":[{"href":"https:\/\/www.europesays.com\/pt\/wp-json\/wp\/v2\/types\/post"}],"author":[{"embeddable":true,"href":"https:\/\/www.europesays.com\/pt\/wp-json\/wp\/v2\/users\/2"}],"replies":[{"embeddable":true,"href":"https:\/\/www.europesays.com\/pt\/wp-json\/wp\/v2\/comments?post=113830"}],"version-history":[{"count":0,"href":"https:\/\/www.europesays.com\/pt\/wp-json\/wp\/v2\/posts\/113830\/revisions"}],"wp:featuredmedia":[{"embeddable":true,"href":"https:\/\/www.europesays.com\/pt\/wp-json\/wp\/v2\/media\/113831"}],"wp:attachment":[{"href":"https:\/\/www.europesays.com\/pt\/wp-json\/wp\/v2\/media?parent=113830"}],"wp:term":[{"taxonomy":"category","embeddable":true,"href":"https:\/\/www.europesays.com\/pt\/wp-json\/wp\/v2\/categories?post=113830"},{"taxonomy":"post_tag","embeddable":true,"href":"https:\/\/www.europesays.com\/pt\/wp-json\/wp\/v2\/tags?post=113830"}],"curies":[{"name":"wp","href":"https:\/\/api.w.org\/{rel}","templated":true}]}}