{"id":113832,"date":"2025-10-16T22:33:19","date_gmt":"2025-10-16T22:33:19","guid":{"rendered":"https:\/\/www.europesays.com\/pt\/113832\/"},"modified":"2025-10-16T22:33:19","modified_gmt":"2025-10-16T22:33:19","slug":"em-sofrimento-luis-goncalves-chora-morte-de-pessoa-especial-e-emociona-fas","status":"publish","type":"post","link":"https:\/\/www.europesays.com\/pt\/113832\/","title":{"rendered":"Em sofrimento: Lu\u00eds Gon\u00e7alves chora morte de pessoa especial e emociona f\u00e3s"},"content":{"rendered":"<p>Lu\u00eds Gon\u00e7alves chora a morte de um amigo pr\u00f3ximo. Por interm\u00e9dio do Instagram, o vencedor do &#8220;<a href=\"https:\/\/tvi.iol.pt\/bigbrother\/\" target=\"_blank\" rel=\"nofollow noopener\">Big Brother<\/a> 2025&#8243; escreveu, esta quarta-feira, dia 15, uma mensagem em que d\u00e1 conta de que est\u00e1 de luto.<\/p>\n<p>&#8220;Quando, h\u00e1 sensivelmente 18 anos, embarc\u00e1mos nesta aventura de pertencermos a esta unidade que tanto nos enchia e continuar\u00e1 a encher de orgulho, ningu\u00e9m pensou que o desfecho seria este. Os anos foram passando e sempre demonstraste ser um ser humano excecional, um camarada\/amigo que estava sempre pronto para dar a m\u00e3o ao pr\u00f3ximo, de sorriso f\u00e1cil&#8221;, come\u00e7ou por escrever <a href=\"https:\/\/selfie.iol.pt\/famosos\/luis-goncalves\/luis-goncalves-anuncia-importante-novidade-nunca-baixarmos-os-bracos\/20250930\/68dbaac8d34ee0c2fed0b2fb\" target=\"_blank\" rel=\"nofollow noopener\">Lu\u00eds Gon\u00e7alves<\/a>, partilhando com os seguidores fotografias em que surge com a pessoa em quest\u00e3o.<\/p>\n<p>&#8220;Irm\u00e3o de armas, honraste sempre a farda que envergaste com orgulho. Ser\u00e1s sempre um exemplo a seguir, tanto na tua vida pessoal como militar&#8221;, defendeu o primeiro classificado do reality show da <a href=\"https:\/\/tvi.iol.pt\/\" target=\"_blank\" rel=\"nofollow noopener\">TVI<\/a>, terminando o texto endere\u00e7ando os sentimentos aos familiares enlutados: &#8220;Estejas onde estiveres, sei que estar\u00e1s a olhar por aqueles que, com saudade, nunca te esquecer\u00e3o. Muita for\u00e7a para a fam\u00edlia&#8221;.<\/p>\n<p>Veja, agora, as imagens divulgadas por <a href=\"https:\/\/selfie.iol.pt\/famosos\/big-brother\/em-momento-de-despedida-luis-goncalves-faz-partilha-rara-com-a-filha-veja-as-imagens\/20251011\/68ea9c71d34ee0c2fed12541\" target=\"_blank\" rel=\"nofollow noopener\">Lu\u00eds Gon\u00e7alves<\/a>.<\/p>\n<blockquote class=\"instagram-media\" data-instgrm-captioned=\"\" data-instgrm-permalink=\"https:\/\/www.instagram.com\/p\/DP1XxrNjHcd\/?utm_source=ig_embed&amp;utm_campaign=loading\" data-instgrm-version=\"14\" style=\" background:#FFF; border:0; border-radius:3px; box-shadow:0 0 1px 0 rgba(0,0,0,0.5),0 1px 10px 0 rgba(0,0,0,0.15); margin: 1px; max-width:540px; min-width:326px; padding:0; width:99.375%; width:-webkit-calc(100% - 2px); width:calc(100% - 2px);\">\n<\/blockquote>\n<p>\u00a0<\/p>\n<p>                        <script async src=\"\/\/www.instagram.com\/embed.js\"><\/script><\/p>\n","protected":false},"excerpt":{"rendered":"Lu\u00eds Gon\u00e7alves chora a morte de um amigo pr\u00f3ximo. Por interm\u00e9dio do Instagram, o vencedor do &#8220;Big Brother&hellip;\n","protected":false},"author":2,"featured_media":113833,"comment_status":"","ping_status":"","sticky":false,"template":"","format":"standard","meta":{"footnotes":"","_share_on_mastodon":"0"},"categories":[142],"tags":[6308,6812,48,6810,114,115,6309,980,1015,5892,1437,619,32,33,1014,1012,151,162,6813],"class_list":["post-113832","post","type-post","status-publish","format-standard","has-post-thumbnail","category-tv","tag-bb","tag-bb2025","tag-big-brother","tag-big-brother-2025","tag-entertainment","tag-entretenimento","tag-ex-concorrente","tag-famosos","tag-instagram","tag-luis-goncalves","tag-morte","tag-nacional","tag-portugal","tag-pt","tag-reality-show","tag-selfie","tag-tv","tag-tvi","tag-vencedor"],"share_on_mastodon":{"url":"","error":""},"_links":{"self":[{"href":"https:\/\/www.europesays.com\/pt\/wp-json\/wp\/v2\/posts\/113832","targetHints":{"allow":["GET"]}}],"collection":[{"href":"https:\/\/www.europesays.com\/pt\/wp-json\/wp\/v2\/posts"}],"about":[{"href":"https:\/\/www.europesays.com\/pt\/wp-json\/wp\/v2\/types\/post"}],"author":[{"embeddable":true,"href":"https:\/\/www.europesays.com\/pt\/wp-json\/wp\/v2\/users\/2"}],"replies":[{"embeddable":true,"href":"https:\/\/www.europesays.com\/pt\/wp-json\/wp\/v2\/comments?post=113832"}],"version-history":[{"count":0,"href":"https:\/\/www.europesays.com\/pt\/wp-json\/wp\/v2\/posts\/113832\/revisions"}],"wp:featuredmedia":[{"embeddable":true,"href":"https:\/\/www.europesays.com\/pt\/wp-json\/wp\/v2\/media\/113833"}],"wp:attachment":[{"href":"https:\/\/www.europesays.com\/pt\/wp-json\/wp\/v2\/media?parent=113832"}],"wp:term":[{"taxonomy":"category","embeddable":true,"href":"https:\/\/www.europesays.com\/pt\/wp-json\/wp\/v2\/categories?post=113832"},{"taxonomy":"post_tag","embeddable":true,"href":"https:\/\/www.europesays.com\/pt\/wp-json\/wp\/v2\/tags?post=113832"}],"curies":[{"name":"wp","href":"https:\/\/api.w.org\/{rel}","templated":true}]}}