{"id":113836,"date":"2025-10-16T22:35:21","date_gmt":"2025-10-16T22:35:21","guid":{"rendered":"https:\/\/www.europesays.com\/pt\/113836\/"},"modified":"2025-10-16T22:35:21","modified_gmt":"2025-10-16T22:35:21","slug":"vermelho-branco-e-sangue-azul-2-tem-primeiro-teaser-revelado-assista","status":"publish","type":"post","link":"https:\/\/www.europesays.com\/pt\/113836\/","title":{"rendered":"Vermelho, Branco e Sangue Azul 2 tem primeiro teaser revelado; Assista"},"content":{"rendered":"<p>  <img width=\"76\" height=\"40\"   alt=\"Capa da Publica\u00e7\u00e3o\" class=\"article-cover__image\"\/><\/p>\n<p class=\"post__tagline\">O casamento real vem ai<\/p>\n<p>O <strong>Prime Video<\/strong> divulgou o primeiro teaser de <strong>Vermelho, Branco e Sangue Azul 2<\/strong>, mostrando um pouquinho do casamento real que veremos na sequ\u00eancia.<\/p>\n<p>Confira abaixo:<\/p>\n<p>De acordo com o Deadline, <strong>Nicholas Galitzine<\/strong>\u00a0e\u00a0<strong>Taylor Zakhar Perez<\/strong> v\u00e3o voltar aos seus pap\u00e9is como Pr\u00edncipe Henry e Alex Claremont-Diaz.<\/p>\n<p>O novo filme ganhou o t\u00edtulo Red, White &amp; Royal Wedding, em tradu\u00e7\u00e3o livre Vermelho, Branco e Casamento Real, e ainda n\u00e3o tem data de lan\u00e7amento.<\/p>\n<p>Aproveite para ver:<\/p>\n","protected":false},"excerpt":{"rendered":"O casamento real vem ai O Prime Video divulgou o primeiro teaser de Vermelho, Branco e Sangue Azul&hellip;\n","protected":false},"author":2,"featured_media":113837,"comment_status":"","ping_status":"","sticky":false,"template":"","format":"standard","meta":{"footnotes":""},"categories":[140],"tags":[114,115,147,148,21452,146,32,33,13466],"class_list":{"0":"post-113836","1":"post","2":"type-post","3":"status-publish","4":"format-standard","5":"has-post-thumbnail","7":"category-filmes","8":"tag-entertainment","9":"tag-entretenimento","10":"tag-film","11":"tag-filmes","12":"tag-lilo-e-stitch","13":"tag-movies","14":"tag-portugal","15":"tag-pt","16":"tag-um"},"share_on_mastodon":{"url":"","error":""},"_links":{"self":[{"href":"https:\/\/www.europesays.com\/pt\/wp-json\/wp\/v2\/posts\/113836","targetHints":{"allow":["GET"]}}],"collection":[{"href":"https:\/\/www.europesays.com\/pt\/wp-json\/wp\/v2\/posts"}],"about":[{"href":"https:\/\/www.europesays.com\/pt\/wp-json\/wp\/v2\/types\/post"}],"author":[{"embeddable":true,"href":"https:\/\/www.europesays.com\/pt\/wp-json\/wp\/v2\/users\/2"}],"replies":[{"embeddable":true,"href":"https:\/\/www.europesays.com\/pt\/wp-json\/wp\/v2\/comments?post=113836"}],"version-history":[{"count":0,"href":"https:\/\/www.europesays.com\/pt\/wp-json\/wp\/v2\/posts\/113836\/revisions"}],"wp:featuredmedia":[{"embeddable":true,"href":"https:\/\/www.europesays.com\/pt\/wp-json\/wp\/v2\/media\/113837"}],"wp:attachment":[{"href":"https:\/\/www.europesays.com\/pt\/wp-json\/wp\/v2\/media?parent=113836"}],"wp:term":[{"taxonomy":"category","embeddable":true,"href":"https:\/\/www.europesays.com\/pt\/wp-json\/wp\/v2\/categories?post=113836"},{"taxonomy":"post_tag","embeddable":true,"href":"https:\/\/www.europesays.com\/pt\/wp-json\/wp\/v2\/tags?post=113836"}],"curies":[{"name":"wp","href":"https:\/\/api.w.org\/{rel}","templated":true}]}}