{"id":113846,"date":"2025-10-16T22:42:17","date_gmt":"2025-10-16T22:42:17","guid":{"rendered":"https:\/\/www.europesays.com\/pt\/113846\/"},"modified":"2025-10-16T22:42:17","modified_gmt":"2025-10-16T22:42:17","slug":"contagem-de-votos-em-lisboa-gera-confusao-e-pode-influenciar-resultados","status":"publish","type":"post","link":"https:\/\/www.europesays.com\/pt\/113846\/","title":{"rendered":"Contagem de votos em Lisboa gera confus\u00e3o e pode influenciar resultados"},"content":{"rendered":"<p>Cerca de 60 eleitores recorreram ao voto antecipado para a Assembleia de S\u00e3o Domingos de Benfica, mas, nos seus boletins, n\u00e3o constaram os quadrados junto aos partidos Chega e CDU, o que inviabilizou a possibilidade de votar nesses partidos. Face a esse cen\u00e1rio, a Comiss\u00e3o Nacional de Elei\u00e7\u00f5es decidiu colocar \u00e0 parte esses boletins, sendo que a sua contagem apenas ser\u00e1 efetuada a partir das 9 horas de sexta-feira.<\/p>\n<p data-remotead-prev-elm=\"true\" data-remotead-elm-id=\"inread\">O incidente est\u00e1 a gerar controv\u00e9rsia, tendo em conta que a CDU ficou a apenas 11 votos do Chega, e a futura contagem pode afetar a distribui\u00e7\u00e3o de mandatos na C\u00e2mara Municipal de Lisboa: a CDU est\u00e1 a tentar garantir um segundo vereador, enquanto o Chega deseja manter a sua representa\u00e7\u00e3o. Ao mesmo tempo, o PS, que foi vencido por mais de 2100 votos, tenta evitar a maioria absoluta do PSD na freguesia, com cerca de 50 votos.<\/p>\n<p>Na eventualidade do caso n\u00e3o reunir todos os pressupostos de legalidade, est\u00e1 em cima da mesa a possibilidade de impugna\u00e7\u00e3o e de repeti\u00e7\u00e3o do sufr\u00e1gio na \u00e1rea geogr\u00e1fica afetada.<\/p>\n","protected":false},"excerpt":{"rendered":"Cerca de 60 eleitores recorreram ao voto antecipado para a Assembleia de S\u00e3o Domingos de Benfica, mas, nos&hellip;\n","protected":false},"author":2,"featured_media":113847,"comment_status":"","ping_status":"","sticky":false,"template":"","format":"standard","meta":{"footnotes":""},"categories":[10],"tags":[27,28,17593,15,16,14,25,26,797,21,22,619,12,13,19,20,32,23,24,33,17,18,29,30,31,4316],"class_list":{"0":"post-113846","1":"post","2":"type-post","3":"status-publish","4":"format-standard","5":"has-post-thumbnail","7":"category-portugal","8":"tag-breaking-news","9":"tag-breakingnews","10":"tag-eleicoes-autarquicas","11":"tag-featured-news","12":"tag-featurednews","13":"tag-headlines","14":"tag-latest-news","15":"tag-latestnews","16":"tag-lisboa","17":"tag-main-news","18":"tag-mainnews","19":"tag-nacional","20":"tag-news","21":"tag-noticias","22":"tag-noticias-principais","23":"tag-noticiasprincipais","24":"tag-portugal","25":"tag-principais-noticias","26":"tag-principaisnoticias","27":"tag-pt","28":"tag-top-stories","29":"tag-topstories","30":"tag-ultimas","31":"tag-ultimas-noticias","32":"tag-ultimasnoticias","33":"tag-votos"},"share_on_mastodon":{"url":"","error":""},"_links":{"self":[{"href":"https:\/\/www.europesays.com\/pt\/wp-json\/wp\/v2\/posts\/113846","targetHints":{"allow":["GET"]}}],"collection":[{"href":"https:\/\/www.europesays.com\/pt\/wp-json\/wp\/v2\/posts"}],"about":[{"href":"https:\/\/www.europesays.com\/pt\/wp-json\/wp\/v2\/types\/post"}],"author":[{"embeddable":true,"href":"https:\/\/www.europesays.com\/pt\/wp-json\/wp\/v2\/users\/2"}],"replies":[{"embeddable":true,"href":"https:\/\/www.europesays.com\/pt\/wp-json\/wp\/v2\/comments?post=113846"}],"version-history":[{"count":0,"href":"https:\/\/www.europesays.com\/pt\/wp-json\/wp\/v2\/posts\/113846\/revisions"}],"wp:featuredmedia":[{"embeddable":true,"href":"https:\/\/www.europesays.com\/pt\/wp-json\/wp\/v2\/media\/113847"}],"wp:attachment":[{"href":"https:\/\/www.europesays.com\/pt\/wp-json\/wp\/v2\/media?parent=113846"}],"wp:term":[{"taxonomy":"category","embeddable":true,"href":"https:\/\/www.europesays.com\/pt\/wp-json\/wp\/v2\/categories?post=113846"},{"taxonomy":"post_tag","embeddable":true,"href":"https:\/\/www.europesays.com\/pt\/wp-json\/wp\/v2\/tags?post=113846"}],"curies":[{"name":"wp","href":"https:\/\/api.w.org\/{rel}","templated":true}]}}