{"id":113848,"date":"2025-10-16T22:44:11","date_gmt":"2025-10-16T22:44:11","guid":{"rendered":"https:\/\/www.europesays.com\/pt\/113848\/"},"modified":"2025-10-16T22:44:11","modified_gmt":"2025-10-16T22:44:11","slug":"tao-porca-que-nao-da-nem-descarga-record","status":"publish","type":"post","link":"https:\/\/www.europesays.com\/pt\/113848\/","title":{"rendered":"\u2018T\u00e3o porca que n\u00e3o d\u00e1 nem descarga!\u2019 \u2013 Record"},"content":{"rendered":"<p><img decoding=\"async\" data-chromatic=\"ignore\" alt=\"\" class=\"c-image\" loading=\"lazy\" src=\"https:\/\/www.europesays.com\/pt\/wp-content\/uploads\/2025\/10\/WLH4YIBAAFDWJL6PHM7GYQBMYI.png\"  width=\"2116\" height=\"1153\"\/>Yon\u00e1 e Ray brigaram feio no quarto da sede Reprodu\u00e7\u00e3o\/RecordPlus <\/p>\n<p class=\"jarvics:base-text-neutral-high-400 base-text-[calc(theme(fontSize.xs)_*_var(--font-size,_1))] base-font-normal base-font-primary base-text-neutral-low-500 base-text-left\">Sem tempo para paz em <a href=\"https:\/\/record.r7.com\/a-fazenda\/a-fazenda-17\/\" target=\"_self\" rel=\"nofollow noopener\" title=\"https:\/\/record.r7.com\/a-fazenda\/a-fazenda-17\/\"><b>A Fazenda 17<\/b><\/a>! Ap\u00f3s as <a href=\"https:\/\/record.r7.com\/a-fazenda\/a-fazenda-17\/novidades\/guerra-de-esterco-duda-wendling-suja-matheus-martins-e-peoas-reagem-aberta-a-temporada-de-jogar-16102025\/\" target=\"_self\" rel=\"nofollow noopener\" title=\"https:\/\/record.r7.com\/a-fazenda\/a-fazenda-17\/novidades\/guerra-de-esterco-duda-wendling-suja-matheus-martins-e-peoas-reagem-aberta-a-temporada-de-jogar-16102025\/\"><b>discuss\u00f5es na \u00e1rea dos animais<\/b><\/a>, os pe\u00f5es levaram o barraco para ser armado na sede. <a href=\"https:\/\/record.r7.com\/a-fazenda\/a-fazenda-17\/peoes\/yona-sousa\" target=\"_self\" title=\"Yon&#xE1; Sousa\" rel=\"nofollow noopener\"><b>Yon\u00e1 Sousa<\/b><\/a><b> <\/b>se estressou ao ver que usaram a comida que ela tinha separado para o almo\u00e7o e reclamou, <a href=\"https:\/\/record.r7.com\/a-fazenda\/a-fazenda-17\/peoes\/rayane-figliuzzi\" target=\"_self\" title=\"Rayane Figliuzzi\" rel=\"nofollow noopener\"><b>Rayane Figliuzzi<\/b><\/a><b> <\/b>se incomodou com o barulho e a briga surgiu. Entenda!<\/p>\n<ul class=\"b-article-body__list-unordered\">\n<li><b>Quer ficar por dentro de tudo que est\u00e1 acontecendo em\u00a0<\/b><b>A Fazenda 17<\/b><b>?\u00a0<\/b><a href=\"https:\/\/www.whatsapp.com\/channel\/0029Va2cJIR1noz2ahzX0D1N\" target=\"_blank\" rel=\"noreferrer nofollow noopener\" title=\"https:\/\/www.whatsapp.com\/channel\/0029Va2cJIR1noz2ahzX0D1N\"><b>Clique aqui<\/b><\/a><b>\u00a0e fa\u00e7a parte do nosso canal no WhatsApp!<\/b><\/li>\n<\/ul>\n<p class=\"jarvics:base-text-neutral-high-400 base-text-[calc(theme(fontSize.xs)_*_var(--font-size,_1))] base-font-normal base-font-primary base-text-neutral-low-500 base-text-left\">Tudo come\u00e7ou quando Yon\u00e1 n\u00e3o encontrou a prote\u00edna que ela tinha separado para almo\u00e7ar nesta quinta (16): \u201cEu s\u00f3 tinha pedido para deixar um peda\u00e7o para mim ontem, e n\u00e3o deixou! Tinha quatro pacotes de frango a\u00ed e s\u00f3 pedi para deixar um peda\u00e7o!\u201d<\/p>\n<p class=\"jarvics:base-text-neutral-high-400 base-text-[calc(theme(fontSize.xs)_*_var(--font-size,_1))] base-font-normal base-font-primary base-text-neutral-low-500 base-text-left\">Enquanto reclamava, Yon\u00e1 abria a porta do quarto para ir cochilar. Ray estava dormindo, e acordou com a gritaria: \u201cTem que gritar aqui para acordar os outros\u201d, murmurou. A advogada perdeu a paci\u00eancia e soltou diversos gritos depois que a rival reclamou: \u201cSai para l\u00e1, idiota! Tudo ela se incomoda. Bota um tapa ouvido, fica botando tapa peito. N\u00e3o veio com tampa ouvido, n\u00e3o? Bota um tapa boca tamb\u00e9m!\u201d<\/p>\n<p class=\"jarvics:base-text-neutral-high-400 base-text-[calc(theme(fontSize.xs)_*_var(--font-size,_1))] base-font-normal base-font-primary base-text-neutral-low-500 base-text-left\">Ray apontou: \u201cTe deixaram sem comida, deviam deixar sem tudo! Bem feito, n\u00e3o come nada, fica sem comida! N\u00e3o respeita ningu\u00e9m nessa casa, \u00e9 t\u00e3o porca que n\u00e3o d\u00e1 nem descarga!\u201d. Yon\u00e1 mandou a rival dormir, e a influenciadora contou que estava tentando, pois est\u00e1 na Baia.<\/p>\n<p class=\"jarvics:base-text-neutral-high-400 base-text-[calc(theme(fontSize.xs)_*_var(--font-size,_1))] base-font-normal base-font-primary base-text-neutral-low-500 base-text-left\"><a href=\"https:\/\/record.r7.com\/a-fazenda\/a-fazenda-17\/peoes\/martina-sanzi\" target=\"_self\" title=\"Martina Sanzi\" rel=\"nofollow noopener\"><b>Martina Sanzi<\/b><\/a> e <a href=\"https:\/\/record.r7.com\/a-fazenda\/a-fazenda-17\/peoes\/will-guimaraes\" target=\"_self\" title=\"Will Guimar&#xE3;es\" rel=\"nofollow noopener\"><b>Will Guimar\u00e3es<\/b><\/a> estavam na cama ao lado de Yon\u00e1, e acordaram: \u201cInsuport\u00e1vel\u201d, disse a peoa.<\/p>\n<p><b>Assista:<\/b><\/p>\n<p class=\"jarvics:base-text-neutral-high-400 base-text-[calc(theme(fontSize.xs)_*_var(--font-size,_1))] base-font-normal base-font-primary base-text-neutral-low-500 base-text-left\">Fique ligado! <a href=\"https:\/\/record.r7.com\/a-fazenda\/a-fazenda-17\/\" rel=\"nofollow noopener\" title=\"https:\/\/record.r7.com\/a-fazenda\/a-fazenda-17\/\" target=\"_blank\"><b>A Fazenda 17<\/b><\/a> vai ao ar de segunda a domingo, \u00e0s 22h30, na tela da <a href=\"https:\/\/record.r7.com\/\" rel=\"nofollow noopener\" target=\"_blank\"><b>RECORD<\/b><\/a>. Assine o <a href=\"https:\/\/www.recordplus.com\/home\" rel=\"nofollow noopener\" title=\"https:\/\/www.recordplus.com\/home\" target=\"_blank\"><b>RecordPlus<\/b><\/a> e tenha acesso \u00e0s c\u00e2meras 24 horas.<\/p>\n<p><b>Deboche e vingan\u00e7a! Matheus Martins acaba com ex-aliados na delega\u00e7\u00e3o do Fazendeiro<\/b><\/p>\n<p class=\"jarvics:base-text-neutral-high-400 base-text-[calc(theme(fontSize.xxs)_*_var(--font-size,_1))] base-font-semibold base-font-primary base-text-neutral-low-500 base-text-left\">O amor virou ran\u00e7o em A Fazenda 17! Matheus Martins usou sua vers\u00e3o debochada para se vingar dos ex-aliados. Rolou pegadinha e muita festa no Grup\u00e3o. Confira! <\/p>\n","protected":false},"excerpt":{"rendered":"Yon\u00e1 e Ray brigaram feio no quarto da sede Reprodu\u00e7\u00e3o\/RecordPlus Sem tempo para paz em A Fazenda 17!&hellip;\n","protected":false},"author":2,"featured_media":113849,"comment_status":"","ping_status":"","sticky":false,"template":"","format":"standard","meta":{"footnotes":""},"categories":[145],"tags":[657,211,210,114,115,32,33,15359,21864],"class_list":{"0":"post-113848","1":"post","2":"type-post","3":"status-publish","4":"format-standard","5":"has-post-thumbnail","7":"category-celebridades","8":"tag-a-fazenda","9":"tag-celebridades","10":"tag-celebrities","11":"tag-entertainment","12":"tag-entretenimento","13":"tag-portugal","14":"tag-pt","15":"tag-rayane-figliuzzi","16":"tag-yona-sousa"},"share_on_mastodon":{"url":"","error":""},"_links":{"self":[{"href":"https:\/\/www.europesays.com\/pt\/wp-json\/wp\/v2\/posts\/113848","targetHints":{"allow":["GET"]}}],"collection":[{"href":"https:\/\/www.europesays.com\/pt\/wp-json\/wp\/v2\/posts"}],"about":[{"href":"https:\/\/www.europesays.com\/pt\/wp-json\/wp\/v2\/types\/post"}],"author":[{"embeddable":true,"href":"https:\/\/www.europesays.com\/pt\/wp-json\/wp\/v2\/users\/2"}],"replies":[{"embeddable":true,"href":"https:\/\/www.europesays.com\/pt\/wp-json\/wp\/v2\/comments?post=113848"}],"version-history":[{"count":0,"href":"https:\/\/www.europesays.com\/pt\/wp-json\/wp\/v2\/posts\/113848\/revisions"}],"wp:featuredmedia":[{"embeddable":true,"href":"https:\/\/www.europesays.com\/pt\/wp-json\/wp\/v2\/media\/113849"}],"wp:attachment":[{"href":"https:\/\/www.europesays.com\/pt\/wp-json\/wp\/v2\/media?parent=113848"}],"wp:term":[{"taxonomy":"category","embeddable":true,"href":"https:\/\/www.europesays.com\/pt\/wp-json\/wp\/v2\/categories?post=113848"},{"taxonomy":"post_tag","embeddable":true,"href":"https:\/\/www.europesays.com\/pt\/wp-json\/wp\/v2\/tags?post=113848"}],"curies":[{"name":"wp","href":"https:\/\/api.w.org\/{rel}","templated":true}]}}