{"id":113850,"date":"2025-10-16T22:46:36","date_gmt":"2025-10-16T22:46:36","guid":{"rendered":"https:\/\/www.europesays.com\/pt\/113850\/"},"modified":"2025-10-16T22:46:36","modified_gmt":"2025-10-16T22:46:36","slug":"loule-apresentacao-de-livro-e-workshop-sensibiliza-para-alimentacao-saudavel-e-sustentavel","status":"publish","type":"post","link":"https:\/\/www.europesays.com\/pt\/113850\/","title":{"rendered":"Loul\u00e9 | Apresenta\u00e7\u00e3o de Livro e Workshop sensibiliza para Alimenta\u00e7\u00e3o Saud\u00e1vel e Sustent\u00e1vel"},"content":{"rendered":"<p>            <a href=\"https:\/\/maisalgarve.pt\/wp-content\/uploads\/2025\/10\/Loule\u0301-Sabicha\u0303o-Macaco.jpeg\" data-caption=\"\" rel=\"nofollow noopener\" target=\"_blank\"><img loading=\"lazy\" decoding=\"async\" width=\"550\" height=\"640\" class=\"entry-thumb td-modal-image\" src=\"data:image\/svg+xml,%3Csvg%20xmlns=\" http:=\"\" data-lazy- data-lazy- alt=\"Loule\u0301-Sabicha\u0303o-Macaco\" title=\"Loule\u0301-Sabicha\u0303o-Macaco\" data-lazy-src=\"https:\/\/maisalgarve.pt\/wp-content\/uploads\/2025\/10\/Loule\u0301-Sabicha\u0303o-Macaco.jpeg\"\/><\/a><\/p>\n<p>A <strong>18 de outubro<\/strong>, pelas 10h00, a Biblioteca Municipal de Loul\u00e9 recebe a apresenta\u00e7\u00e3o do livro <strong>\u201cO Sabich\u00e3o Macaco Saltit\u00e3o e\u00a0os Alimentos Locais\u201d.<\/strong> Seguir-se-\u00e1 o workshop \u201cVamos saltitar pelos segredos de uma alimenta\u00e7\u00e3o saud\u00e1vel e sustent\u00e1vel\u201d.\u00a0<\/p>\n<p>O principal objetivo desta atividade \u00e9 sensibilizar os participantes sobre a import\u00e2ncia de adotar uma alimenta\u00e7\u00e3o saud\u00e1vel e sustent\u00e1vel, privilegiando os alimentos nacionais e os produtos locais.\u00a0<\/p>\n<p>Esta iniciativa, destinada a todos os interessados em sustentabilidade alimentar, desde crian\u00e7as e jovens (5-12 anos) aos adultos que os acompanhem, ter\u00e1 a dura\u00e7\u00e3o aproximada de 90 a 120 minutos.\u00a0 <\/p>\n<p>As vagas s\u00e3o limitadas. <\/p>\n<p>\u00c9 necess\u00e1ria <strong>inscri\u00e7\u00e3o<\/strong> pr\u00e9via para <a href=\"http:\/\/maisalgarve.pt\/cdn-cgi\/l\/email-protection#0f6d666d6366607b6a6c6e4f6c622263607a636a217f7b\" rel=\"nofollow noopener\" target=\"_blank\">[email\u00a0protected]<\/a><\/p>\n<p class=\"has-small-font-size\">CM Loul\u00e9<\/p>\n","protected":false},"excerpt":{"rendered":"A 18 de outubro, pelas 10h00, a Biblioteca Municipal de Loul\u00e9 recebe a apresenta\u00e7\u00e3o do livro \u201cO Sabich\u00e3o&hellip;\n","protected":false},"author":2,"featured_media":113851,"comment_status":"","ping_status":"","sticky":false,"template":"","format":"standard","meta":{"footnotes":""},"categories":[143],"tags":[169,114,115,170,32,33],"class_list":{"0":"post-113850","1":"post","2":"type-post","3":"status-publish","4":"format-standard","5":"has-post-thumbnail","7":"category-livros","8":"tag-books","9":"tag-entertainment","10":"tag-entretenimento","11":"tag-livros","12":"tag-portugal","13":"tag-pt"},"share_on_mastodon":{"url":"","error":""},"_links":{"self":[{"href":"https:\/\/www.europesays.com\/pt\/wp-json\/wp\/v2\/posts\/113850","targetHints":{"allow":["GET"]}}],"collection":[{"href":"https:\/\/www.europesays.com\/pt\/wp-json\/wp\/v2\/posts"}],"about":[{"href":"https:\/\/www.europesays.com\/pt\/wp-json\/wp\/v2\/types\/post"}],"author":[{"embeddable":true,"href":"https:\/\/www.europesays.com\/pt\/wp-json\/wp\/v2\/users\/2"}],"replies":[{"embeddable":true,"href":"https:\/\/www.europesays.com\/pt\/wp-json\/wp\/v2\/comments?post=113850"}],"version-history":[{"count":0,"href":"https:\/\/www.europesays.com\/pt\/wp-json\/wp\/v2\/posts\/113850\/revisions"}],"wp:featuredmedia":[{"embeddable":true,"href":"https:\/\/www.europesays.com\/pt\/wp-json\/wp\/v2\/media\/113851"}],"wp:attachment":[{"href":"https:\/\/www.europesays.com\/pt\/wp-json\/wp\/v2\/media?parent=113850"}],"wp:term":[{"taxonomy":"category","embeddable":true,"href":"https:\/\/www.europesays.com\/pt\/wp-json\/wp\/v2\/categories?post=113850"},{"taxonomy":"post_tag","embeddable":true,"href":"https:\/\/www.europesays.com\/pt\/wp-json\/wp\/v2\/tags?post=113850"}],"curies":[{"name":"wp","href":"https:\/\/api.w.org\/{rel}","templated":true}]}}