{"id":113852,"date":"2025-10-16T22:47:08","date_gmt":"2025-10-16T22:47:08","guid":{"rendered":"https:\/\/www.europesays.com\/pt\/113852\/"},"modified":"2025-10-16T22:47:08","modified_gmt":"2025-10-16T22:47:08","slug":"que-barriguinha-linda-marcia-soares-agita-as-redes-sociais-com-novidade-especial-secret-story","status":"publish","type":"post","link":"https:\/\/www.europesays.com\/pt\/113852\/","title":{"rendered":"\u00abQue barriguinha linda\u00bb: Marcia Soares agita as redes sociais com novidade especial &#8211; Secret Story"},"content":{"rendered":"<p><strong>Marcia Soares<\/strong> n\u00e3o podia estar mais feliz. <a href=\"https:\/\/tvi.iol.pt\/secretstory\/marcia-soares\/15-10-2025\/muito-nervosa-marcia-soares-conta-riscaram-me-o-carro-todo-e-as-imagens-impressionam\" rel=\"nofollow noopener\" target=\"_blank\">Uma das melhores amigas da ex-concorrente do <\/a><strong><a href=\"https:\/\/tvi.iol.pt\/secretstory\/marcia-soares\/15-10-2025\/muito-nervosa-marcia-soares-conta-riscaram-me-o-carro-todo-e-as-imagens-impressionam\" rel=\"nofollow noopener\" target=\"_blank\">Big Brother 2023<\/a> <\/strong>est\u00e1 gr\u00e1vida e elegeu-a para ser madrinha da sua filha.\u00a0<\/p>\n<p>A<a href=\"https:\/\/tvi.iol.pt\/secretstory\/videos\/marcia-soares-revela-pormenor-insolito-sobre-o-nome-quem-me-conhece-sabe-o-que-sofro\/68ea9cb50cf29d28d828d13c\" rel=\"nofollow noopener\" target=\"_blank\"> novidade foi dada pela pr\u00f3pria, <\/a>atrav\u00e9s de uma publica\u00e7\u00e3o feita nas redes sociais. \u00ab<strong>MARIA DO MAR \ud83e\udd0e Prometo dar o meu melhor para ser a melhor madrinha que podias ter!<\/strong>\u00bb, escreveu na legenda de uma fotografia muito especial, em que surge ao lado da amiga, a segurar-lhe a barriguinha de gr\u00e1vida.<\/p>\n<p><strong>Veja as fotografias na nossa galeria<\/strong><\/p>\n<p>Os f\u00e3s ficaram rendidos \u00e0s fotografias partilhadas por Marcia Soares. <strong>\u00abVem Maria do Mar \ud83e\ude77 tens uma mam\u00e3 e uma madrinha maravilhosas! \ud83d\udcab\u00bb<\/strong>, <strong>\u00abSer\u00e1s com certeza \u2764\ufe0f Que nome mais po\u00e9tico&#8230;\u00bb,<\/strong> \u00abFotos t\u00e3o bonitas \ud83e\udd0d Ser\u00e1s com certeza a melhor madrinha \ud83d\ude0a Muitos Parab\u00e9ns\u00a0<a href=\"https:\/\/www.instagram.com\/vannygrilo\/\" role=\"link\" tabindex=\"0\" rel=\"nofollow noopener\" target=\"_blank\">@vannygrilo<\/a>\u00a0\ud83d\ude18\u00bb, \u00abSer\u00e1 a melhor madrinha\u00bb, <strong>\u00abQue fotos lindas, que barriguinha linda\u00bb,<\/strong> \u00abQuerida M\u00e1rcia tamb\u00e9m tu um dia vais viver esse sonho!!!\ud83d\udc51\u00bb, pode ler-se, na caixa de coment\u00e1rios da publica\u00e7\u00e3o.<\/p>\n<p><strong>Pode ver aqui o registo amoroso:<\/strong><\/p>\n<blockquote class=\"instagram-media\" data-instgrm-captioned=\"\" data-instgrm-permalink=\"https:\/\/www.instagram.com\/p\/DP364DnDPJ6\/?utm_source=ig_embed&amp;utm_campaign=loading\" data-instgrm-version=\"14\" style=\" background:#FFF; border:0; border-radius:3px; box-shadow:0 0 1px 0 rgba(0,0,0,0.5),0 1px 10px 0 rgba(0,0,0,0.15); margin: 1px; max-width:540px; min-width:326px; padding:0; width:99.375%; width:-webkit-calc(100% - 2px); width:calc(100% - 2px);\">\n<\/blockquote>\n<p>Muito nervosa, Marcia Soares conta: \u00abRiscaram-me o carro todo\u00bb. E as imagens impressionam<\/p>\n<p>Marcia Soares recorreu \u00e0s redes sociais <a href=\"https:\/\/tvi.iol.pt\/secretstory\/videos\/marcia-soares-sofre-vandalismo-e-atira-que-lhe-caia-um-dente-ou-dois\/68efb0310cf29d28d828d5be\" rel=\"nofollow noopener\" target=\"_blank\">para revelar que sofreu um ato de vandalismo no seu carro<\/a>. Visivelmente nervosa, a ex-concorrente do Big Brother e atual comentadora do Secret Story, contou tudo e desejou que \u00abca\u00edsse um dente\u00bb ao autor do sucedido.<\/p>\n<p>\u00abAcabei de chegar ao carro e riscaram-me o carro todo. Estou com uma pilha de nervos, mas essa pessoa que me fez isso, eu desejo-lhe uma dor de dentes t\u00e3o grande, t\u00e3o grande, t\u00e3o grande&#8230; que lhe caia um dente ou dois\u00bb, disse Marcia Soares.<\/p>\n<p>A jovem acrescentou: \u00abN\u00e3o tem mal, eu tenho um seguro, gra\u00e7as a Deus eu pago o meu seguro e h\u00e1-de ficar resolvido, mas que lhe caia um dente ou dois\u00bb.\u00a0Num outro storie, <a href=\"https:\/\/tvi.iol.pt\/secretstory\/marcia-soares\/11-10-2025\/quem-me-conhece-sabe-o-que-sofro-marcia-soares-faz-desabafo-e-o-motivo-e-inacreditavel\" rel=\"nofollow noopener\" target=\"_blank\">Marcia mostrou <\/a>o carro todo riscado e as imagens s\u00e3o impressionante.\u00a0<\/p>\n<p>Veja o v\u00eddeo:<\/p>\n<p>\u00a0<\/p>\n<p>                        <script async src=\"\/\/www.instagram.com\/embed.js\"><\/script><\/p>\n","protected":false},"excerpt":{"rendered":"Marcia Soares n\u00e3o podia estar mais feliz. Uma das melhores amigas da ex-concorrente do Big Brother 2023 est\u00e1&hellip;\n","protected":false},"author":2,"featured_media":113853,"comment_status":"","ping_status":"","sticky":false,"template":"","format":"standard","meta":{"footnotes":""},"categories":[142],"tags":[18706,114,115,18705,1650,1041,19251,2038,32,33,151,18704],"class_list":{"0":"post-113852","1":"post","2":"type-post","3":"status-publish","4":"format-standard","5":"has-post-thumbnail","7":"category-tv","8":"tag-bastidores-secret-story","9":"tag-entertainment","10":"tag-entretenimento","11":"tag-entrevistas-concorrentes-tvi","12":"tag-fotos","13":"tag-gravidez","14":"tag-madrinha","15":"tag-marcia-soares","16":"tag-portugal","17":"tag-pt","18":"tag-tv","19":"tag-vida-fora-da-casa"},"share_on_mastodon":{"url":"","error":""},"_links":{"self":[{"href":"https:\/\/www.europesays.com\/pt\/wp-json\/wp\/v2\/posts\/113852","targetHints":{"allow":["GET"]}}],"collection":[{"href":"https:\/\/www.europesays.com\/pt\/wp-json\/wp\/v2\/posts"}],"about":[{"href":"https:\/\/www.europesays.com\/pt\/wp-json\/wp\/v2\/types\/post"}],"author":[{"embeddable":true,"href":"https:\/\/www.europesays.com\/pt\/wp-json\/wp\/v2\/users\/2"}],"replies":[{"embeddable":true,"href":"https:\/\/www.europesays.com\/pt\/wp-json\/wp\/v2\/comments?post=113852"}],"version-history":[{"count":0,"href":"https:\/\/www.europesays.com\/pt\/wp-json\/wp\/v2\/posts\/113852\/revisions"}],"wp:featuredmedia":[{"embeddable":true,"href":"https:\/\/www.europesays.com\/pt\/wp-json\/wp\/v2\/media\/113853"}],"wp:attachment":[{"href":"https:\/\/www.europesays.com\/pt\/wp-json\/wp\/v2\/media?parent=113852"}],"wp:term":[{"taxonomy":"category","embeddable":true,"href":"https:\/\/www.europesays.com\/pt\/wp-json\/wp\/v2\/categories?post=113852"},{"taxonomy":"post_tag","embeddable":true,"href":"https:\/\/www.europesays.com\/pt\/wp-json\/wp\/v2\/tags?post=113852"}],"curies":[{"name":"wp","href":"https:\/\/api.w.org\/{rel}","templated":true}]}}