{"id":113862,"date":"2025-10-16T22:52:20","date_gmt":"2025-10-16T22:52:20","guid":{"rendered":"https:\/\/www.europesays.com\/pt\/113862\/"},"modified":"2025-10-16T22:52:20","modified_gmt":"2025-10-16T22:52:20","slug":"por-que-paris-jackson-recebeu-heranca-milionaria-de-michael","status":"publish","type":"post","link":"https:\/\/www.europesays.com\/pt\/113862\/","title":{"rendered":"Por que Paris Jackson recebeu heran\u00e7a milion\u00e1ria de Michael?"},"content":{"rendered":"<p>Documentos recentemente divulgados pelos administradores da heran\u00e7a de <a href=\"https:\/\/aventurasnahistoria.com.br\/noticias\/historia-hoje\/o-apelido-inusitado-de-michael-jackson-segundo-lionel-richie.phtml\" target=\"_blank\" rel=\"noopener nofollow\">Michael Jackson<\/a> revelam que sua filha, <a href=\"https:\/\/aventurasnahistoria.com.br\/noticias\/historia-hoje\/michael-jackson-filha-recebe-heranca-e-processa-administradores.phtml\" target=\"_blank\" rel=\"noopener nofollow\">Paris Jackson<\/a>, recebeu cerca de US$ 65 milh\u00f5es (R$ 357 milh\u00f5es) em benef\u00edcios desde o falecimento do cantor.<\/p>\n<p>A informa\u00e7\u00e3o vem \u00e0 tona em meio a uma disputa judicial na qual <strong>Paris<\/strong> questiona a legalidade de pagamentos adicionais no valor de US$ 625 mil (aproximadamente R$ 3 milh\u00f5es) realizados em 2018 para escrit\u00f3rios de advocacia. A jovem alega que essas quantias foram atribu\u00eddas sem a devida documenta\u00e7\u00e3o e sem uma autoriza\u00e7\u00e3o expl\u00edcita do tribunal, considerando-os como \u201cbonifica\u00e7\u00f5es excessivas\u201d.<\/p>\n<p>Em defesa, os executores da heran\u00e7a argumentam que os pagamentos em quest\u00e3o s\u00e3o relacionados a servi\u00e7os jur\u00eddicos excepcionais que foram cruciais para a valoriza\u00e7\u00e3o do patrim\u00f4nio, destacando transa\u00e7\u00f5es significativas, como a venda de uma participa\u00e7\u00e3o no cat\u00e1logo da EMI. Eles sustentam que as bonifica\u00e7\u00f5es foram adequadamente justificadas pelo retorno financeiro obtido.<\/p>\n<p>Na ocasi\u00e3o do falecimento de <strong>Michael Jackson<\/strong> em 2009, a heran\u00e7a enfrentava d\u00edvidas superiores a US$ 500 milh\u00f5es (mais de R$ 2 bilh\u00f5es). Desde ent\u00e3o, segundo os executores, houve uma reviravolta significativa, transformando a heran\u00e7a deficit\u00e1ria em um legado <a href=\"https:\/\/aventurasnahistoria.com.br\/noticias\/historia-hoje\/isaac-newton-lucrou-com-ouro-de-escravos-do-brasil-entenda.phtml\" target=\"_blank\" rel=\"noopener nofollow\">lucrativo<\/a>, com receitas provenientes de direitos autorais, licen\u00e7as e acordos musicais.<\/p>\n<p>\t Controv\u00e9rsias e Controle <\/p>\n<p><strong>Paris Jackson<\/strong>, atualmente com 27 anos, protocolou uma peti\u00e7\u00e3o para contestar os chamados \u201cpagamentos premium\u201d feitos em 2018. Ela argumenta que esses valores foram concedidos sem registro detalhado das horas trabalhadas e sem aprova\u00e7\u00e3o pr\u00e9via do tribunal. A artista busca revogar uma decis\u00e3o proferida em 2010 que permitia aos executores autorizar honor\u00e1rios sem supervis\u00e3o rigorosa.<\/p>\n<p>Os administradores da heran\u00e7a respondem afirmando que tais pagamentos est\u00e3o em conformidade com pr\u00e1ticas previamente aprovadas em decis\u00f5es judiciais anteriores e refletem o desempenho financeiro positivo do patrim\u00f4nio. Eles ressaltam que a heran\u00e7a obteve ganhos substanciais ao longo de 2018 e que os b\u00f4nus representam uma pequena fra\u00e7\u00e3o dos resultados alcan\u00e7ados.<\/p>\n<p>A disputa judicial ilustra um conflito mais amplo relacionado \u00e0 transpar\u00eancia, autoridade e responsabilidade: <strong>Paris<\/strong> acusa os executores de operarem com pouca supervis\u00e3o e exigirem confian\u00e7a irrestrita tanto da fam\u00edlia quanto do tribunal. Para ela, \u00e9 fundamental examinar minuciosamente cada pagamento e exigir registros claros e justificativas adequadas.<\/p>\n<p>Segundo o \u2018Terra\u2019, uma audi\u00eancia est\u00e1 agendada para esta quinta-feira, 16, quando as partes envolvidas dever\u00e3o apresentar documentos adicionais, contesta\u00e7\u00f5es e defesas para que o tribunal avalie a legalidade dos pagamentos e a distribui\u00e7\u00e3o dos recursos da heran\u00e7a.<\/p>\n","protected":false},"excerpt":{"rendered":"Documentos recentemente divulgados pelos administradores da heran\u00e7a de Michael Jackson revelam que sua filha, Paris Jackson, recebeu cerca&hellip;\n","protected":false},"author":2,"featured_media":113863,"comment_status":"","ping_status":"","sticky":false,"template":"","format":"standard","meta":{"footnotes":""},"categories":[85],"tags":[1359,114,115,12575,6641,13,26771,19544,32,33],"class_list":{"0":"post-113862","1":"post","2":"type-post","3":"status-publish","4":"format-standard","5":"has-post-thumbnail","7":"category-entretenimento","8":"tag-dinheiro","9":"tag-entertainment","10":"tag-entretenimento","11":"tag-heranca","12":"tag-michael-jackson","13":"tag-noticias","14":"tag-pagamento","15":"tag-paris-jackson","16":"tag-portugal","17":"tag-pt"},"share_on_mastodon":{"url":"","error":""},"_links":{"self":[{"href":"https:\/\/www.europesays.com\/pt\/wp-json\/wp\/v2\/posts\/113862","targetHints":{"allow":["GET"]}}],"collection":[{"href":"https:\/\/www.europesays.com\/pt\/wp-json\/wp\/v2\/posts"}],"about":[{"href":"https:\/\/www.europesays.com\/pt\/wp-json\/wp\/v2\/types\/post"}],"author":[{"embeddable":true,"href":"https:\/\/www.europesays.com\/pt\/wp-json\/wp\/v2\/users\/2"}],"replies":[{"embeddable":true,"href":"https:\/\/www.europesays.com\/pt\/wp-json\/wp\/v2\/comments?post=113862"}],"version-history":[{"count":0,"href":"https:\/\/www.europesays.com\/pt\/wp-json\/wp\/v2\/posts\/113862\/revisions"}],"wp:featuredmedia":[{"embeddable":true,"href":"https:\/\/www.europesays.com\/pt\/wp-json\/wp\/v2\/media\/113863"}],"wp:attachment":[{"href":"https:\/\/www.europesays.com\/pt\/wp-json\/wp\/v2\/media?parent=113862"}],"wp:term":[{"taxonomy":"category","embeddable":true,"href":"https:\/\/www.europesays.com\/pt\/wp-json\/wp\/v2\/categories?post=113862"},{"taxonomy":"post_tag","embeddable":true,"href":"https:\/\/www.europesays.com\/pt\/wp-json\/wp\/v2\/tags?post=113862"}],"curies":[{"name":"wp","href":"https:\/\/api.w.org\/{rel}","templated":true}]}}