{"id":113864,"date":"2025-10-16T22:56:19","date_gmt":"2025-10-16T22:56:19","guid":{"rendered":"https:\/\/www.europesays.com\/pt\/113864\/"},"modified":"2025-10-16T22:56:19","modified_gmt":"2025-10-16T22:56:19","slug":"policias-saem-a-rua-contra-desinteresse-do-governo-pelos-problemas-dos-profissionais","status":"publish","type":"post","link":"https:\/\/www.europesays.com\/pt\/113864\/","title":{"rendered":"Pol\u00edcias saem \u00e0 rua contra &#8220;desinteresse do Governo pelos problemas dos profissionais&#8221;"},"content":{"rendered":"<p>                    A manifesta\u00e7\u00e3o \u00e9 organizada pelo Sindicato dos Profissionais da Pol\u00edcia, o segundo maior da PSP. Mas vai juntar outras estruturas, nomeadamente o Sindicato Nacional da Pol\u00edcia, o Sindicato Independente dos Agentes de Pol\u00edcia, a Associa\u00e7\u00e3o Sindical Aut\u00f3noma de Pol\u00edcia e o Sindicato de Pol\u00edcia Pela Ordem e Liberdade.O protesto est\u00e1 marcado para as 16h00. Come\u00e7a junto \u00e0 sede da Dire\u00e7\u00e3o Nacional da PSP e termina no Minist\u00e9rio da Administra\u00e7\u00e3o Interna. Os l\u00edderes sindicais pretendem entregar \u00e0 ministra Maria L\u00facia Amaral um caderno reivindicativo.<\/p>\n<p><b>Os profissionais queixam-se de problemas no acesso \u00e0 reforma, da falta de candidatos para forma\u00e7\u00e3o e dos sal\u00e1rios, que consideram baixos<\/b>.<\/p>\n<p>          <img decoding=\"async\" itemprop=\"image\" class=\"img-fluid\"   src=\"https:\/\/www.europesays.com\/pt\/wp-content\/uploads\/2025\/10\/26d1cd4526f783470979c098f854bbd9\"\/><\/p>\n<p>Paulo Macedo, do Sindicato Independente dos Pol\u00edcias, fala num protesto que tem como objectivo<b> chamar a aten\u00e7\u00e3o do Governo para problemas que continuam sem solu\u00e7\u00e3o<\/b>, nomeadamente a falta de recursos humanos.<\/p>\n","protected":false},"excerpt":{"rendered":"A manifesta\u00e7\u00e3o \u00e9 organizada pelo Sindicato dos Profissionais da Pol\u00edcia, o segundo maior da PSP. Mas vai juntar&hellip;\n","protected":false},"author":2,"featured_media":113865,"comment_status":"","ping_status":"","sticky":false,"template":"","format":"standard","meta":{"footnotes":""},"categories":[10],"tags":[5610,26773,27,28,15,16,14,25,26,21,22,5609,12,13,19,20,26772,32,23,24,9780,1306,33,2393,17,18,29,30,31],"class_list":{"0":"post-113864","1":"post","2":"type-post","3":"status-publish","4":"format-standard","5":"has-post-thumbnail","7":"category-portugal","8":"tag-administracao-interna","9":"tag-associacoes","10":"tag-breaking-news","11":"tag-breakingnews","12":"tag-featured-news","13":"tag-featurednews","14":"tag-headlines","15":"tag-latest-news","16":"tag-latestnews","17":"tag-main-news","18":"tag-mainnews","19":"tag-ministra","20":"tag-news","21":"tag-noticias","22":"tag-noticias-principais","23":"tag-noticiasprincipais","24":"tag-policias","25":"tag-portugal","26":"tag-principais-noticias","27":"tag-principaisnoticias","28":"tag-protesto","29":"tag-psp","30":"tag-pt","31":"tag-sindicatos","32":"tag-top-stories","33":"tag-topstories","34":"tag-ultimas","35":"tag-ultimas-noticias","36":"tag-ultimasnoticias"},"share_on_mastodon":{"url":"","error":""},"_links":{"self":[{"href":"https:\/\/www.europesays.com\/pt\/wp-json\/wp\/v2\/posts\/113864","targetHints":{"allow":["GET"]}}],"collection":[{"href":"https:\/\/www.europesays.com\/pt\/wp-json\/wp\/v2\/posts"}],"about":[{"href":"https:\/\/www.europesays.com\/pt\/wp-json\/wp\/v2\/types\/post"}],"author":[{"embeddable":true,"href":"https:\/\/www.europesays.com\/pt\/wp-json\/wp\/v2\/users\/2"}],"replies":[{"embeddable":true,"href":"https:\/\/www.europesays.com\/pt\/wp-json\/wp\/v2\/comments?post=113864"}],"version-history":[{"count":0,"href":"https:\/\/www.europesays.com\/pt\/wp-json\/wp\/v2\/posts\/113864\/revisions"}],"wp:featuredmedia":[{"embeddable":true,"href":"https:\/\/www.europesays.com\/pt\/wp-json\/wp\/v2\/media\/113865"}],"wp:attachment":[{"href":"https:\/\/www.europesays.com\/pt\/wp-json\/wp\/v2\/media?parent=113864"}],"wp:term":[{"taxonomy":"category","embeddable":true,"href":"https:\/\/www.europesays.com\/pt\/wp-json\/wp\/v2\/categories?post=113864"},{"taxonomy":"post_tag","embeddable":true,"href":"https:\/\/www.europesays.com\/pt\/wp-json\/wp\/v2\/tags?post=113864"}],"curies":[{"name":"wp","href":"https:\/\/api.w.org\/{rel}","templated":true}]}}