{"id":113880,"date":"2025-10-16T23:06:09","date_gmt":"2025-10-16T23:06:09","guid":{"rendered":"https:\/\/www.europesays.com\/pt\/113880\/"},"modified":"2025-10-16T23:06:09","modified_gmt":"2025-10-16T23:06:09","slug":"manuela-moura-guedes-ataca-cotrim-figueiredo-apos-elogios-na-tvi","status":"publish","type":"post","link":"https:\/\/www.europesays.com\/pt\/113880\/","title":{"rendered":"Manuela Moura Guedes ataca Cotrim Figueiredo ap\u00f3s elogios na TVI"},"content":{"rendered":"<p>Jo\u00e3o Cotrim Figueiredo, candidato \u00e0 Presid\u00eancia da Rep\u00fablica, ex-l\u00edder e atual eurodeputado da Iniciativa Liberal, marcou presen\u00e7a no programa &#8220;Dois \u00e0s 10&#8221;, da TVI, onde recebeu elogios de Cristina Ferreira. &#8220;O Jo\u00e3o foi das poucas pessoas que sabia o nome de toda a gente e cumprimentava a empregada de limpeza pelo nome at\u00e9 ao diretor mais poderoso desta casa. Parece simples, mas diz muito dele&#8221;, afirmou a apresentadora.<\/p>\n<p data-remotead-prev-elm=\"true\" data-remotead-elm-id=\"inread\">Apesar dos elogios, nem todos ficaram impressionados. Manuela Moura Guedes reagiu nas redes sociais, acusando o candidato de a ter obrigado a rescindir contrato com a TVI, quando dirigia o &#8220;Jornal Nacional&#8221;.<\/p>\n<p>Pol\u00e9mica nas redes<\/p>\n<p>&#8220;Uma pena \u00e9 o Dr. Cotrim ter sido um pau-mandado dos espanh\u00f3is e ter mandado a liberdade de imprensa para as urtigas&#8221;, escreveu a jornalista. Para Moura Guedes, &#8220;a voz do dono falou mais alto do que os princ\u00edpios e a boa gest\u00e3o&#8221;, lembrando que, numa noite de domingo, foi obrigada a assinar a rescis\u00e3o &#8220;sem qualquer representante da TVI presente&#8221;.<\/p>\n<p data-remotead-prev-elm=\"true\" data-remotead-elm-id=\"centro1\">Horas depois, o candidato respondeu, em comunicado, explicando que, quando assumiu o cargo de diretor-geral da TVI, em abril de 2010, Manuela Moura Guedes j\u00e1 se encontrava de baixa m\u00e9dica desde setembro de 2009. &#8220;Foi-me transmitido que n\u00e3o estavam reunidas condi\u00e7\u00f5es m\u00ednimas para o regresso da jornalista, facto que considerei no processo de rescis\u00e3o contratual&#8221;, afirmou.<\/p>\n<p>Cotrim Figueiredo frisou que &#8220;nunca houve qualquer subservi\u00eancia aos acionistas espanh\u00f3is&#8221; e que deixou a TVI por incompatibilidade com os mesmos. O candidato recordou ainda que, na altura, Moura Guedes chegou a elogiar &#8220;a forma humana como geriu a sua sa\u00edda, considerando as circunst\u00e2ncias pessoais e profissionais em que se encontrava&#8221;.<\/p>\n","protected":false},"excerpt":{"rendered":"Jo\u00e3o Cotrim Figueiredo, candidato \u00e0 Presid\u00eancia da Rep\u00fablica, ex-l\u00edder e atual eurodeputado da Iniciativa Liberal, marcou presen\u00e7a no&hellip;\n","protected":false},"author":2,"featured_media":113881,"comment_status":"","ping_status":"","sticky":false,"template":"","format":"standard","meta":{"footnotes":""},"categories":[85],"tags":[114,115,9520,16361,715,2771,32,33,162],"class_list":{"0":"post-113880","1":"post","2":"type-post","3":"status-publish","4":"format-standard","5":"has-post-thumbnail","7":"category-entretenimento","8":"tag-entertainment","9":"tag-entretenimento","10":"tag-joao-cotrim-figueiredo","11":"tag-manuela-moura-guedes","12":"tag-media","13":"tag-polemica","14":"tag-portugal","15":"tag-pt","16":"tag-tvi"},"share_on_mastodon":{"url":"","error":""},"_links":{"self":[{"href":"https:\/\/www.europesays.com\/pt\/wp-json\/wp\/v2\/posts\/113880","targetHints":{"allow":["GET"]}}],"collection":[{"href":"https:\/\/www.europesays.com\/pt\/wp-json\/wp\/v2\/posts"}],"about":[{"href":"https:\/\/www.europesays.com\/pt\/wp-json\/wp\/v2\/types\/post"}],"author":[{"embeddable":true,"href":"https:\/\/www.europesays.com\/pt\/wp-json\/wp\/v2\/users\/2"}],"replies":[{"embeddable":true,"href":"https:\/\/www.europesays.com\/pt\/wp-json\/wp\/v2\/comments?post=113880"}],"version-history":[{"count":0,"href":"https:\/\/www.europesays.com\/pt\/wp-json\/wp\/v2\/posts\/113880\/revisions"}],"wp:featuredmedia":[{"embeddable":true,"href":"https:\/\/www.europesays.com\/pt\/wp-json\/wp\/v2\/media\/113881"}],"wp:attachment":[{"href":"https:\/\/www.europesays.com\/pt\/wp-json\/wp\/v2\/media?parent=113880"}],"wp:term":[{"taxonomy":"category","embeddable":true,"href":"https:\/\/www.europesays.com\/pt\/wp-json\/wp\/v2\/categories?post=113880"},{"taxonomy":"post_tag","embeddable":true,"href":"https:\/\/www.europesays.com\/pt\/wp-json\/wp\/v2\/tags?post=113880"}],"curies":[{"name":"wp","href":"https:\/\/api.w.org\/{rel}","templated":true}]}}