{"id":113884,"date":"2025-10-16T23:13:07","date_gmt":"2025-10-16T23:13:07","guid":{"rendered":"https:\/\/www.europesays.com\/pt\/113884\/"},"modified":"2025-10-16T23:13:07","modified_gmt":"2025-10-16T23:13:07","slug":"ace-frehley-guitarrista-original-do-kiss-morre-aos-74-anos","status":"publish","type":"post","link":"https:\/\/www.europesays.com\/pt\/113884\/","title":{"rendered":"Ace Frehley, guitarrista original do Kiss, morre aos 74 anos"},"content":{"rendered":"\n<p>Morreu aos 74 anos o guitarrista <strong><a href=\"https:\/\/igormiranda.com.br\/tag\/ace-frehley\/\" target=\"_blank\" rel=\"noreferrer noopener nofollow\">Ace Frehley<\/a><\/strong>. Ele se destacou como integrante original do <strong><a href=\"https:\/\/igormiranda.com.br\/tag\/kiss\/\" target=\"_blank\" rel=\"noreferrer noopener nofollow\">Kiss<\/a><\/strong>, uma das maiores bandas de hard rock em todos os tempos.<\/p>\n<p>\u00ad<\/p>\n<p>&#8211; Advertisement &#8211;<\/p>\n<p>No fim de setembro, um show de Frehley nos Estados Unidos foi cancelado ap\u00f3s ele ter sofrido uma queda em seu est\u00fadio caseiro. Dias depois, j\u00e1 em outubro, um comunicado informou a suspens\u00e3o de toda a agenda de 2025 devido a \u201calguns problemas m\u00e9dicos em andamento\u201d.<\/p>\n<p>Nesta quinta-feira (16), foi informado que ele era mantido vivo com aparelhos. \u00c0 noite, a fam\u00edlia enviou esta nota \u00e0 imprensa (via <a href=\"https:\/\/variety.com\/2025\/music\/news\/ace-frehley-kiss-lead-guitarist-dead-1236554943\/\" target=\"_blank\" rel=\"noreferrer noopener nofollow\">Variety<\/a>):<\/p>\n<p>\u201cEstamos completamente devastados e com o cora\u00e7\u00e3o partido. Em seus \u00faltimos momentos, tivemos a sorte de poder cerc\u00e1-lo de palavras, pensamentos, ora\u00e7\u00f5es e inten\u00e7\u00f5es amorosas, atenciosas e pac\u00edficas enquanto ele deixava esta Terra. Guardamos com carinho todas as suas melhores lembran\u00e7as, suas risadas e celebramos a for\u00e7a e a bondade que ele dedicou aos outros. A magnitude de sua partida \u00e9 de propor\u00e7\u00f5es \u00e9picas e incompreens\u00edvel. Ao refletir sobre todas as suas incr\u00edveis conquistas de vida, a mem\u00f3ria de Ace continuar\u00e1 viva para sempre!\u201d<\/p>\n<p> Sobre Ace Frehley <\/p>\n<p>Nascido em 27 de abril de 1951 no Bronx, em Nova York, Paul Daniel \u201cAce\u201d Frehley teve uma fam\u00edlia musical e come\u00e7ou a tocar guitarra na inf\u00e2ncia. Decidiu seguir carreira musical no in\u00edcio da vida adulta e trabalhou como carteiro e motorista de t\u00e1xi.<\/p>\n<p>Juntou-se ao grupo que adotaria o nome Kiss em 1973, ap\u00f3s uma audi\u00e7\u00e3o curiosa. Em meio a v\u00e1rios outros m\u00fasicos que estavam se candidatando, surgiu com um t\u00eanis de cada cor e um jeit\u00e3o peculiar, mas seu talento era incontest\u00e1vel.<\/p>\n<p>Frehley criou a persona Spaceman (tamb\u00e9m Space Ace), pintando estrelas prateadas nos olhos. \u00c9 dele o o logotipo de raio duplo da banda. Permaneceu na forma\u00e7\u00e3o inicialmente at\u00e9 1982, quando, em meio a problemas com a depend\u00eancia qu\u00edmica e conflitos com Stanley e Simmons, saiu do grupo. Retornou em 1996 para sair em definitivo em 2002;<\/p>\n<p>Na segunda metade dos anos 1980 comandou o Frehley\u2019s Comet, que lan\u00e7ou 2 \u00e1lbuns de est\u00fadio, um deles certificado com disco de platina nos Estados Unidos. Disponibilizou ainda uma s\u00e9rie de \u00e1lbuns solo, incluindo o lan\u00e7ado em 1978, quando ainda estava no Kiss.<\/p>\n<p>Ap\u00f3s d\u00e9cadas lutando contra a depend\u00eancia qu\u00edmica, Ace garantiu estar s\u00f3brio desde a segunda metade dos anos 2000.<\/p>\n<p>Frehley foi introduzido no Rock and Roll Hall of Fame em 2014 como membro do Kiss. Foi creditado por 11 \u00e1lbuns de est\u00fadio do grupo, embora n\u00e3o tenha tocado em um (\u201cCreatures of the Night\u201d, 1982) e sua presen\u00e7a em outro (\u201cPsycho Circus\u201d, 1998) seja limitada a apenas algumas faixas. Tamb\u00e9m disponibilizou oito discos de est\u00fadio em carreira solo ao todo.<\/p>\n<p><strong>Clique<\/strong> para seguir IgorMiranda.com.br no: <a href=\"https:\/\/instagram.com\/igormirandasite\" target=\"_blank\" rel=\"noreferrer noopener nofollow\">Instagram<\/a> | <a href=\"https:\/\/bsky.app\/profile\/igormirandasite.bsky.social\" target=\"_blank\" rel=\"noreferrer noopener nofollow\">Bluesky<\/a> | <a href=\"https:\/\/twitter.com\/igormirandasite\" target=\"_blank\" rel=\"noreferrer noopener nofollow\">Twitter<\/a> | <a href=\"https:\/\/tiktok.com\/@igormirandasite\" target=\"_blank\" rel=\"noreferrer noopener nofollow\">TikTok<\/a> | <a href=\"https:\/\/facebook.com\/igormirandasite\" target=\"_blank\" rel=\"noreferrer noopener nofollow\">Facebook<\/a> | <a href=\"https:\/\/www.youtube.com\/igormirandasite\" target=\"_blank\" rel=\"noreferrer noopener nofollow\">YouTube<\/a> | <a href=\"https:\/\/www.threads.net\/@igormirandasite\" target=\"_blank\" rel=\"noreferrer noopener nofollow\">Threads<\/a>.<\/p>\n<p> <script async src=\"https:\/\/platform.twitter.com\/widgets.js\" charset=\"utf-8\"><\/script><script async src=\"\/\/www.instagram.com\/embed.js\"><\/script><script async src=\"\/\/www.tiktok.com\/embed.js\"><\/script><\/p>\n","protected":false},"excerpt":{"rendered":"Morreu aos 74 anos o guitarrista Ace Frehley. Ele se destacou como integrante original do Kiss, uma das&hellip;\n","protected":false},"author":2,"featured_media":113885,"comment_status":"","ping_status":"","sticky":false,"template":"","format":"standard","meta":{"footnotes":""},"categories":[145],"tags":[11289,211,210,114,115,11290,1535,32,33],"class_list":{"0":"post-113884","1":"post","2":"type-post","3":"status-publish","4":"format-standard","5":"has-post-thumbnail","7":"category-celebridades","8":"tag-ace-frehley","9":"tag-celebridades","10":"tag-celebrities","11":"tag-entertainment","12":"tag-entretenimento","13":"tag-kiss","14":"tag-obituario","15":"tag-portugal","16":"tag-pt"},"share_on_mastodon":{"url":"","error":""},"_links":{"self":[{"href":"https:\/\/www.europesays.com\/pt\/wp-json\/wp\/v2\/posts\/113884","targetHints":{"allow":["GET"]}}],"collection":[{"href":"https:\/\/www.europesays.com\/pt\/wp-json\/wp\/v2\/posts"}],"about":[{"href":"https:\/\/www.europesays.com\/pt\/wp-json\/wp\/v2\/types\/post"}],"author":[{"embeddable":true,"href":"https:\/\/www.europesays.com\/pt\/wp-json\/wp\/v2\/users\/2"}],"replies":[{"embeddable":true,"href":"https:\/\/www.europesays.com\/pt\/wp-json\/wp\/v2\/comments?post=113884"}],"version-history":[{"count":0,"href":"https:\/\/www.europesays.com\/pt\/wp-json\/wp\/v2\/posts\/113884\/revisions"}],"wp:featuredmedia":[{"embeddable":true,"href":"https:\/\/www.europesays.com\/pt\/wp-json\/wp\/v2\/media\/113885"}],"wp:attachment":[{"href":"https:\/\/www.europesays.com\/pt\/wp-json\/wp\/v2\/media?parent=113884"}],"wp:term":[{"taxonomy":"category","embeddable":true,"href":"https:\/\/www.europesays.com\/pt\/wp-json\/wp\/v2\/categories?post=113884"},{"taxonomy":"post_tag","embeddable":true,"href":"https:\/\/www.europesays.com\/pt\/wp-json\/wp\/v2\/tags?post=113884"}],"curies":[{"name":"wp","href":"https:\/\/api.w.org\/{rel}","templated":true}]}}