{"id":113892,"date":"2025-10-16T23:20:04","date_gmt":"2025-10-16T23:20:04","guid":{"rendered":"https:\/\/www.europesays.com\/pt\/113892\/"},"modified":"2025-10-16T23:20:04","modified_gmt":"2025-10-16T23:20:04","slug":"veja-como-a-alimentacao-pode-atuar-contra-o-cancer-de-estomago-cartacapital","status":"publish","type":"post","link":"https:\/\/www.europesays.com\/pt\/113892\/","title":{"rendered":"Veja como a alimenta\u00e7\u00e3o pode atuar contra o c\u00e2ncer de est\u00f4mago \u2013 CartaCapital"},"content":{"rendered":"<p>O c\u00e2ncer de est\u00f4mago, ou c\u00e2ncer g\u00e1strico, est\u00e1 entre os tumores mais incidentes no Brasil e segue como um importante desafio para a sa\u00fade p\u00fablica. De acordo com o Instituto Nacional de C\u00e2ncer (INCA), no pa\u00eds, \u00e9 o quarto tipo mais frequente entre os homens e o sexto entre as mulheres.\n<\/p>\n<p>\u201cO c\u00e2ncer g\u00e1strico, tamb\u00e9m chamado de adenocarcinoma g\u00e1strico, se origina nas c\u00e9lulas que revestem o est\u00f4mago. Seu desenvolvimento \u00e9 multifatorial, envolvendo fatores gen\u00e9ticos e ambientais, como h\u00e1bitos alimentares, infec\u00e7\u00e3o por\u00a0Helicobacter pylori\u00a0e doen\u00e7as pr\u00e9-existentes, como a gastrite cr\u00f4nica atr\u00f3fica\u201d, explica o Dr. Ramon Andrade de Mello, oncologista do Centro M\u00e9dico Paulista High Clinic Brazil (S\u00e3o Paulo).\n<\/p>\n<p>Uma nova revis\u00e3o publicada na revista Oncoscience em maio, chamada \u201cThe chemopreventive effects of native Brazilian plants on stomach cancer: A review of the last 25 years\u201c, mostra que plantas brasileiras contam com compostos naturais que podem ser promissores contra esse tipo de tumor.\n<\/p>\n<p>Conforme o m\u00e9dico, o desenvolvimento desse tipo de <strong><a href=\"https:\/\/portaledicase.com\/termos-medicos-utilizados-no-tratamento-do-cancer\/\" target=\"_blank\" rel=\"noreferrer noopener nofollow\">c\u00e2ncer<\/a><\/strong> tem rela\u00e7\u00e3o com o h\u00e1bito alimentar. \u201cSabemos que o alto consumo de s\u00f3dio e alimentos defumados aumenta o risco de desenvolvimento de c\u00e2ncer no est\u00f4mago, enquanto o consumo de frutas e vegetais tem efeito protetor contra a doen\u00e7a. Esse efeito ocorre porque nos vegetais h\u00e1 compostos fitoqu\u00edmicos com atividades antioxidantes, anti-inflamat\u00f3rias, antioxidantes e anticancer\u00edgenas\u201d, conta.<\/p>\n<p>Frutas favorecem a sa\u00fade <\/p>\n<p>Conforme o Dr. Ramon Andrade de Mello, muitas pesquisas ainda precisam ser feitas com plantas do bioma brasileiro, que \u00e9 pouco explorado. O que se sabe atualmente \u00e9 que o consumo regular de frutas e vegetais ricos em compostos bioativos, como polifen\u00f3is e flavonoides, tem efeitos anti-inflamat\u00f3rios, antioxidantes e quimiopreventivos no c\u00e2ncer de est\u00f4mago, com a\u00e7\u00e3o tamb\u00e9m indireta, ao diminuir o risco de doen\u00e7as metab\u00f3licas que favorecem o desenvolvimento tumoral.\n<\/p>\n<p>\u201cAs frutas nativas brasileiras, origin\u00e1rias de diversos biomas, s\u00e3o ricas em compostos bioativos, e seu processamento permite n\u00e3o apenas o consumo in natura, mas tamb\u00e9m produz subprodutos ricos em elementos valiosos como os fen\u00f3licos, proporcionando benef\u00edcios substanciais \u00e0 sa\u00fade. Estamos falando de frutas como a\u00e7a\u00ed e goiaba, por exemplo\u201d, conta a nutr\u00f3loga Dra. Marcella Garcez, diretora e professora da Associa\u00e7\u00e3o Brasileira de Nutrologia (ABRAN).\n<\/p>\n<p>Uma alimenta\u00e7\u00e3o rica em nutrientes protetores fortalece o organismo e atua na preven\u00e7\u00e3o de enfermidades de longo prazo. \u201cInclu\u00ed-las na dieta melhora o aporte de nutrientes antioxidantes e compostos anti-inflamat\u00f3rios, muitos dos quais fundamentais para a <strong><a href=\"https:\/\/portaledicase.com\/diagnosticos-e-tratamento-para-a-dor-cronica\/\" target=\"_blank\" rel=\"noreferrer noopener nofollow\">preven\u00e7\u00e3o de doen\u00e7as cr\u00f4nicas<\/a><\/strong> n\u00e3o transmiss\u00edveis como hipertens\u00e3o, obesidade, diabetes, doen\u00e7as cardiovasculares e c\u00e2ncer\u201d, acrescenta.<\/p>\n<p>Estudo precisa de an\u00e1lises mais aprofundadas<\/p>\n<p>O estudo publicado na Oncoscience revisou trabalhos dos \u00faltimos 25 anos e abrange dez esp\u00e9cies nativas, incluindo a\u00e7a\u00ed (Euterpe oleracea), ara\u00e7\u00e1-do-campo (Psidium guineense), ara\u00e7\u00e1-amarelo (Psidium cattleianum Sabine), cacau (Theobroma cacao), coentro (Eryngium foetidum), physalis (Physalis angulata), goiaba (Psidium guajava), jambu (Acmella oleracea), pitanga (Eugenia uniflora) e ubaia (Eugenia patrisii).\n<\/p>\n<p>\u201cExtratos dessas plantas mostraram sinais de redu\u00e7\u00e3o do crescimento de c\u00e9lulas cancer\u00edgenas, desencadeando a morte celular e retardando a progress\u00e3o da doen\u00e7a. Muitos dos trabalhos analisados s\u00e3o estudos de cultura de c\u00e9lulas, com apenas dois estudos conduzidos em modelo animal e nenhum estudo cl\u00ednico realizado\u201d, esclarece o Dr. Ramon Andrade de Mello.\n<\/p>\n<p>Em raz\u00e3o disso, ele ressalta a import\u00e2ncia de an\u00e1lises mais aprofundadas. \u201cEmbora os mecanismos biol\u00f3gicos exatos permane\u00e7am obscuros em muitos casos, alguns trabalhos relataram redu\u00e7\u00e3o da inflama\u00e7\u00e3o e interrup\u00e7\u00e3o da sinaliza\u00e7\u00e3o relacionada ao c\u00e2ncer. Essas descobertas apontam para a possibilidade de que <strong><a href=\"https:\/\/portaledicase.com\/beneficios-da-planta-andiroba-para-a-saude\/\" target=\"_blank\" rel=\"noreferrer noopener nofollow\">subst\u00e2ncias naturais <\/a><\/strong>\u00e0 base de plantas possam apoiar os esfor\u00e7os para prevenir ou controlar o c\u00e2ncer, mas precisam ser confirmadas em trabalhos cl\u00ednicos\u201d, diz o oncologista.\n<\/p>\n<p>Por\u00e9m, isso n\u00e3o anula os achados do estudo. \u201cIsso \u00e9 importante para entender como esses compostos vegetais atuam no corpo humano e para avaliar sua seguran\u00e7a e efic\u00e1cia em cen\u00e1rios do mundo real\u201d, completa o m\u00e9dico.<\/p>\n<p><img fetchpriority=\"high\" decoding=\"async\" width=\"1024\" height=\"683\" src=\"https:\/\/www.europesays.com\/pt\/wp-content\/uploads\/2025\/10\/acaiedicase-1024x683.jpg\" alt=\"A\u00e7a\u00ed ao lado de seu p\u00f3 sobre uma superf\u00edcie de madeira rosa \" class=\"wp-image-318720\"  \/>O a\u00e7a\u00ed tem um grande poder antioxidante, importante para v\u00e1rias fun\u00e7\u00f5es metab\u00f3licas (Imagem: Luis Echeverri Urrea | Shutterstock)<\/p>\n<p>Subst\u00e2ncias bioativas que fortalecem a sa\u00fade humana<\/p>\n<p>Enquanto esses extratos ainda n\u00e3o s\u00e3o explorados pelas pesquisas, o oncologista diz que vale a pena incluir alimentos que contenham compostos fitoqu\u00edmicos. \u201cEsses compostos s\u00e3o subst\u00e2ncias bioativas naturalmente encontradas em plantas \u2014 incluindo frutas, legumes, gr\u00e3os e sementes \u2014, que n\u00e3o s\u00e3o nutrientes essenciais (como vitaminas e minerais), mas exercem efeitos ben\u00e9ficos \u00e0 sa\u00fade humana\u201d, diz o Dr. Ramon Andrade de Mello.\n<\/p>\n<p>O m\u00e9dico ressalta a relev\u00e2ncia desses compostos especificamente nas frutas nativas brasileiras. \u201cEm frutas nativas brasileiras, eles est\u00e3o presentes em alta diversidade e concentra\u00e7\u00e3o, o que contribui para seu potencial funcional e medicinal. Na lista de compostos, est\u00e3o: polifen\u00f3is (que incluem flavonoides, \u00e1cidos fen\u00f3licos, taninos e lignanas); carotenoides; alcaloides; saponinas e terpenoides; e antocianinas\u201d, lista.\n<\/p>\n<p>Segundo a Dra. Marcella Garcez, o a\u00e7a\u00ed \u00e9 uma ilustra\u00e7\u00e3o pr\u00e1tica dessa composi\u00e7\u00e3o. \u201cO<strong><a href=\"https:\/\/portaledicase.com\/beneficios-do-acai-para-a-saude\/\" target=\"_blank\" rel=\"noreferrer noopener nofollow\"> a\u00e7a\u00ed<\/a><\/strong>, por exemplo, cont\u00e9m antocianinas. Flavonoides chamados antocianinas, respons\u00e1veis por sua colora\u00e7\u00e3o, com grande poder antioxidante, s\u00e3o compostos bioativos que conferem funcionalidade ao alimento. Sua fermenta\u00e7\u00e3o provoca altera\u00e7\u00f5es em determinados grupos bacterianos e produz \u00e1cidos org\u00e2nicos. Os compostos fen\u00f3licos do a\u00e7a\u00ed t\u00eam efeitos antioxidantes que protegem o DNA\u201d. A m\u00e9dica nutr\u00f3loga ainda lembra que a polpa de a\u00e7a\u00ed \u00e9 rica em c\u00e1lcio e pot\u00e1ssio, importantes para v\u00e1rias fun\u00e7\u00f5es metab\u00f3licas.<\/p>\n<p>Cuidados essenciais para prevenir c\u00e2ncer de est\u00f4mago <\/p>\n<p>A Dra. Marcella Garcez recomenda a inclus\u00e3o desses alimentos nativos do Brasil em uma dieta equilibrada, variada e o mais natural poss\u00edvel, para promover benef\u00edcios e prevenir doen\u00e7as. O Dr. Ramon Andrade de Mello tamb\u00e9m orienta como preven\u00e7\u00e3o do c\u00e2ncer g\u00e1strico controlar a gastrite e evitar fatores de risco.\n<\/p>\n<p>\u201cDiagnosticar e tratar a infec\u00e7\u00e3o por\u00a0H. pylori, reduzir o consumo de alimentos ultraprocessados e ricos em conservantes, manter uma dieta equilibrada, rica em frutas e vegetais, evitar cigarro e \u00e1lcool em excesso, al\u00e9m de realizar exames de rotina, especialmente para quem tem hist\u00f3rico familiar da doen\u00e7a, est\u00e3o entre as atitudes preventivas\u201d, finaliza o oncologista.\n<\/p>\n<p>Por Pedro Del Claro <\/p>\n","protected":false},"excerpt":{"rendered":"O c\u00e2ncer de est\u00f4mago, ou c\u00e2ncer g\u00e1strico, est\u00e1 entre os tumores mais incidentes no Brasil e segue como&hellip;\n","protected":false},"author":2,"featured_media":113893,"comment_status":"","ping_status":"","sticky":false,"template":"","format":"standard","meta":{"footnotes":""},"categories":[86],"tags":[1555,1545,1550,1551,1556,1558,1543,726,1537,1536,1561,1559,1554,476,1549,1552,1560,116,1548,1542,1562,1553,1540,1538,1539,1546,52,32,1541,33,1557,117,58,1544,1547],"class_list":{"0":"post-113892","1":"post","2":"type-post","3":"status-publish","4":"format-standard","5":"has-post-thumbnail","7":"category-saude","8":"tag-afonsinho","9":"tag-ana-luiza-basilio","10":"tag-assine-carta","11":"tag-assine-carta-capital","12":"tag-belluzzo","13":"tag-bndes","14":"tag-bolsonaro","15":"tag-brasil","16":"tag-carta-capital","17":"tag-cartacapital","18":"tag-cidadania","19":"tag-correios","20":"tag-delfim-neto","21":"tag-economia","22":"tag-editora-confianca","23":"tag-esquerda","24":"tag-funai","25":"tag-health","26":"tag-istoe","27":"tag-jornalismo-critico","28":"tag-lava-jato","29":"tag-luiz-inacio-lula-da-silva","30":"tag-lula","31":"tag-manuela-carta","32":"tag-mino-carta","33":"tag-moro","34":"tag-politica","35":"tag-portugal","36":"tag-progressista","37":"tag-pt","38":"tag-revista-epoca","39":"tag-saude","40":"tag-sociedade","41":"tag-transparente","42":"tag-veja"},"share_on_mastodon":{"url":"","error":""},"_links":{"self":[{"href":"https:\/\/www.europesays.com\/pt\/wp-json\/wp\/v2\/posts\/113892","targetHints":{"allow":["GET"]}}],"collection":[{"href":"https:\/\/www.europesays.com\/pt\/wp-json\/wp\/v2\/posts"}],"about":[{"href":"https:\/\/www.europesays.com\/pt\/wp-json\/wp\/v2\/types\/post"}],"author":[{"embeddable":true,"href":"https:\/\/www.europesays.com\/pt\/wp-json\/wp\/v2\/users\/2"}],"replies":[{"embeddable":true,"href":"https:\/\/www.europesays.com\/pt\/wp-json\/wp\/v2\/comments?post=113892"}],"version-history":[{"count":0,"href":"https:\/\/www.europesays.com\/pt\/wp-json\/wp\/v2\/posts\/113892\/revisions"}],"wp:featuredmedia":[{"embeddable":true,"href":"https:\/\/www.europesays.com\/pt\/wp-json\/wp\/v2\/media\/113893"}],"wp:attachment":[{"href":"https:\/\/www.europesays.com\/pt\/wp-json\/wp\/v2\/media?parent=113892"}],"wp:term":[{"taxonomy":"category","embeddable":true,"href":"https:\/\/www.europesays.com\/pt\/wp-json\/wp\/v2\/categories?post=113892"},{"taxonomy":"post_tag","embeddable":true,"href":"https:\/\/www.europesays.com\/pt\/wp-json\/wp\/v2\/tags?post=113892"}],"curies":[{"name":"wp","href":"https:\/\/api.w.org\/{rel}","templated":true}]}}