{"id":113894,"date":"2025-10-16T23:21:31","date_gmt":"2025-10-16T23:21:31","guid":{"rendered":"https:\/\/www.europesays.com\/pt\/113894\/"},"modified":"2025-10-16T23:21:31","modified_gmt":"2025-10-16T23:21:31","slug":"margarida-corceiro-representada-por-georgina-rodriguez-a-historia-desta-surpreendente-parceria","status":"publish","type":"post","link":"https:\/\/www.europesays.com\/pt\/113894\/","title":{"rendered":"Margarida Corceiro representada por&#8230; Georgina Rodr\u00edguez: a hist\u00f3ria desta surpreendente parceria!"},"content":{"rendered":"<p>&#8220;<a href=\"https:\/\/selfie.iol.pt\/famosos\/margarida-corceiro\/margarida-corceiro-e-lando-norris-vistos-em-supermercado-de-bairro-de-lisboa-fim-de-semana-docinho\/20250930\/68dbbe20d34e58bc67965962\" target=\"_blank\" rel=\"nofollow noopener\">Margarida Corceiro<\/a> continua a dar passos de gigante na sua carreira internacional e j\u00e1 conta com ag\u00eancia de representa\u00e7\u00e3o em Espanha&#8221;, come\u00e7ou por dizer Adriano Silva Martins, no programa &#8220;V+ Fama&#8221;, do V+, que foi para o ar na manh\u00e3 desta quinta-feira, dia 16.<\/p>\n<p>O apresentador referiu, ainda, que &#8220;n\u00e3o se trata de uma ag\u00eancia qualquer&#8221;. &#8220;A Angel&#8217;s Project, a ag\u00eancia que representa Georgina Rodr\u00edguez e da qual a influenciadora argentina tamb\u00e9m \u00e9 s\u00f3cia, \u00e9 a ag\u00eancia que est\u00e1 a representar Margarida Corceiro al\u00e9m-fronteiras&#8221;, continuou.<\/p>\n<p>&#8220;Podemos dizer, neste caso, que a Georgina est\u00e1 a representar a atriz portuguesa&#8221;, rematou Adriano Silva Martins.<\/p>\n","protected":false},"excerpt":{"rendered":"&#8220;Margarida Corceiro continua a dar passos de gigante na sua carreira internacional e j\u00e1 conta com ag\u00eancia de&hellip;\n","protected":false},"author":2,"featured_media":113895,"comment_status":"","ping_status":"","sticky":false,"template":"","format":"standard","meta":{"footnotes":""},"categories":[85],"tags":[657,8559,3291,813,667,114,115,640,980,3509,719,17744,619,4546,32,33,1012,7690,162],"class_list":{"0":"post-113894","1":"post","2":"type-post","3":"status-publish","4":"format-standard","5":"has-post-thumbnail","7":"category-entretenimento","8":"tag-a-fazenda","9":"tag-adriano-silva-martins","10":"tag-agencia","11":"tag-atriz","12":"tag-cristiano-ronaldo","13":"tag-entertainment","14":"tag-entretenimento","15":"tag-espanha","16":"tag-famosos","17":"tag-georgina-rodriguez","18":"tag-margarida-corceiro","19":"tag-modelo","20":"tag-nacional","21":"tag-novelas-tvi","22":"tag-portugal","23":"tag-pt","24":"tag-selfie","25":"tag-talento","26":"tag-tvi"},"share_on_mastodon":{"url":"","error":""},"_links":{"self":[{"href":"https:\/\/www.europesays.com\/pt\/wp-json\/wp\/v2\/posts\/113894","targetHints":{"allow":["GET"]}}],"collection":[{"href":"https:\/\/www.europesays.com\/pt\/wp-json\/wp\/v2\/posts"}],"about":[{"href":"https:\/\/www.europesays.com\/pt\/wp-json\/wp\/v2\/types\/post"}],"author":[{"embeddable":true,"href":"https:\/\/www.europesays.com\/pt\/wp-json\/wp\/v2\/users\/2"}],"replies":[{"embeddable":true,"href":"https:\/\/www.europesays.com\/pt\/wp-json\/wp\/v2\/comments?post=113894"}],"version-history":[{"count":0,"href":"https:\/\/www.europesays.com\/pt\/wp-json\/wp\/v2\/posts\/113894\/revisions"}],"wp:featuredmedia":[{"embeddable":true,"href":"https:\/\/www.europesays.com\/pt\/wp-json\/wp\/v2\/media\/113895"}],"wp:attachment":[{"href":"https:\/\/www.europesays.com\/pt\/wp-json\/wp\/v2\/media?parent=113894"}],"wp:term":[{"taxonomy":"category","embeddable":true,"href":"https:\/\/www.europesays.com\/pt\/wp-json\/wp\/v2\/categories?post=113894"},{"taxonomy":"post_tag","embeddable":true,"href":"https:\/\/www.europesays.com\/pt\/wp-json\/wp\/v2\/tags?post=113894"}],"curies":[{"name":"wp","href":"https:\/\/api.w.org\/{rel}","templated":true}]}}