{"id":113903,"date":"2025-10-16T23:33:08","date_gmt":"2025-10-16T23:33:08","guid":{"rendered":"https:\/\/www.europesays.com\/pt\/113903\/"},"modified":"2025-10-16T23:33:08","modified_gmt":"2025-10-16T23:33:08","slug":"video-o-discurso-de-despedida-de-ruben-amorim-apos-vitoria-em-braga","status":"publish","type":"post","link":"https:\/\/www.europesays.com\/pt\/113903\/","title":{"rendered":"V\u00cdDEO: o discurso de despedida de Ruben Amorim ap\u00f3s vit\u00f3ria em Braga"},"content":{"rendered":"<p style=\"margin-bottom:11px\">A prop\u00f3sito do document\u00e1rio \u201cThe Winner Takes it All\u201d, que recorda o percurso do Sporting at\u00e9 \u00e0 conquista do bicampeonato, os le\u00f5es revelaram os bastidores da despedida de Ruben Amorim. Ap\u00f3s o triunfo em Braga, a 11 de novembro, o treinador abriu o cora\u00e7\u00e3o.<\/p>\n<p>\u00abN\u00e3o estamos aqui todos. N\u00e3o gosto de despedidas, mas\u2026se formos humildes, ganhamos o campeonato, n\u00e3o h\u00e1 volta a dar. A diferen\u00e7a \u00e9 muito grande. Mas agora vai ser dif\u00edcil para todos. Voc\u00eas t\u00eam de ajudar o Pote, o Marcus [Edwards], o Ivan [Kovacevic] que nunca joga, o Esgaio\u2026 vai ser dif\u00edcil, h\u00e1 liga\u00e7\u00f5es que temos\u2026 voc\u00eas s\u00e3o inacredit\u00e1veis. O que senti na segunda parte, no terceiro e no quarto golo, foi o melhor do futebol.\u00bb<\/p>\n<p>Neste momento, Amorim emocionou-se, interrompido pelo aplauso de jogadores, staff e elementos da dire\u00e7\u00e3o como Frederico Varandas.<\/p>\n<p>\u00abLevem todos. V\u00e3o precisar do Marcus, do Geny [Catamo], do Quaresma. Obrigado por tudo. Acabaram-se as despedidas, ficamos aqui. Ok meus meninos?\u00bb, disse, distribuindo longos, visivelmente emocionado. Ruben Amorim foi seguido pelos adjuntos.<\/p>\n<p>Na sa\u00edda do balne\u00e1rio, Ruben Amorim foi esperado por Hugo Viana, enquanto Frederico Varandas manteve o olhar fixo no ch\u00e3o.<\/p>\n<p>Depois de conquistar Liga (tr\u00eas), Ta\u00e7a de Portugal, Superta\u00e7a e Ta\u00e7a da Liga (tr\u00eas), Ruben Amorim deixou Portugal e rumou ao Manchester United, onde tem vivido cap\u00edtulos bem diferentes. Por agora \u00e9 d\u00e9cimo na Premier League, com 10 pontos, a seis do l\u00edder Arsenal.<\/p>\n","protected":false},"excerpt":{"rendered":"A prop\u00f3sito do document\u00e1rio \u201cThe Winner Takes it All\u201d, que recorda o percurso do Sporting at\u00e9 \u00e0 conquista&hellip;\n","protected":false},"author":2,"featured_media":113904,"comment_status":"","ping_status":"","sticky":false,"template":"","format":"standard","meta":{"footnotes":""},"categories":[87],"tags":[135,4238,36,436,46,663,32,33,47,1052,34,134],"class_list":{"0":"post-113903","1":"post","2":"type-post","3":"status-publish","4":"format-standard","5":"has-post-thumbnail","7":"category-desporto","8":"tag-desporto","9":"tag-incrivel","10":"tag-liga","11":"tag-made-in","12":"tag-maisfutebol","13":"tag-manchester-united","14":"tag-portugal","15":"tag-pt","16":"tag-pura-paixao","17":"tag-ruben-amorim","18":"tag-sporting","19":"tag-sports"},"share_on_mastodon":{"url":"","error":""},"_links":{"self":[{"href":"https:\/\/www.europesays.com\/pt\/wp-json\/wp\/v2\/posts\/113903","targetHints":{"allow":["GET"]}}],"collection":[{"href":"https:\/\/www.europesays.com\/pt\/wp-json\/wp\/v2\/posts"}],"about":[{"href":"https:\/\/www.europesays.com\/pt\/wp-json\/wp\/v2\/types\/post"}],"author":[{"embeddable":true,"href":"https:\/\/www.europesays.com\/pt\/wp-json\/wp\/v2\/users\/2"}],"replies":[{"embeddable":true,"href":"https:\/\/www.europesays.com\/pt\/wp-json\/wp\/v2\/comments?post=113903"}],"version-history":[{"count":0,"href":"https:\/\/www.europesays.com\/pt\/wp-json\/wp\/v2\/posts\/113903\/revisions"}],"wp:featuredmedia":[{"embeddable":true,"href":"https:\/\/www.europesays.com\/pt\/wp-json\/wp\/v2\/media\/113904"}],"wp:attachment":[{"href":"https:\/\/www.europesays.com\/pt\/wp-json\/wp\/v2\/media?parent=113903"}],"wp:term":[{"taxonomy":"category","embeddable":true,"href":"https:\/\/www.europesays.com\/pt\/wp-json\/wp\/v2\/categories?post=113903"},{"taxonomy":"post_tag","embeddable":true,"href":"https:\/\/www.europesays.com\/pt\/wp-json\/wp\/v2\/tags?post=113903"}],"curies":[{"name":"wp","href":"https:\/\/api.w.org\/{rel}","templated":true}]}}