{"id":113915,"date":"2025-10-16T23:45:25","date_gmt":"2025-10-16T23:45:25","guid":{"rendered":"https:\/\/www.europesays.com\/pt\/113915\/"},"modified":"2025-10-16T23:45:25","modified_gmt":"2025-10-16T23:45:25","slug":"twice-apos-desfile-do-victorias-secrets-fashion-show-tzuyu-pede-desculpas-por-incidente","status":"publish","type":"post","link":"https:\/\/www.europesays.com\/pt\/113915\/","title":{"rendered":"TWICE: Ap\u00f3s desfile do Victoria&#8217;s Secrets Fashion Show, Tzuyu pede desculpas por incidente"},"content":{"rendered":"<p>Membro do grupo feminino de k-pop TWICE, <strong>Tzuyu<\/strong> usou o aplicativo de mensagens Bubble (usado por idols para um contato mais direto com o fandom) para pedir desculpas aos f\u00e3s ap\u00f3s a performance do grupo no <a href=\"https:\/\/en.wikipedia.org\/wiki\/Victoria%27s_Secret_Fashion_Show\" target=\"_blank\" rel=\"noopener nofollow\">Victoria\u2019s Secrets Fashion Show<\/a>, um dos grandes desfiles da ind\u00fastria da moda, realizado na noite da \u00faltima quarta-feira, 15.<\/p>\n<p>Acontece que, ap\u00f3s a apresenta\u00e7\u00e3o de <a href=\"https:\/\/www.lloud.co\/\" target=\"_blank\" rel=\"noopener nofollow\"><strong>Lisa<\/strong><\/a>, do BLAKCPINK, no ano passado, dessa vez, o <a href=\"https:\/\/www.instagram.com\/twicetagram\/\" target=\"_blank\" rel=\"noopener nofollow\">TWICE<\/a> entrou para hist\u00f3ria ao se tornar o primeiro grupo de<a href=\"https:\/\/recreio.com.br\/tags\/k-pop\" target=\"_blank\" rel=\"noopener nofollow\"> k-pop<\/a> e o segundo ato do g\u00eanero a realizar uma performance no desfile anual da marca de lingerie Victoria\u2019s Secret \u2014 com a primeira sendo a maknae do girlgroup da YG Entertainment.<\/p>\n<p>O marco foi conquistado a partir da apresenta\u00e7\u00e3o de duas das m\u00fasicas mais recentes do grupo: \u201cTHIS IS FOR\u201d, faixa t\u00edtulo do \u00e1lbum completo hom\u00f4nimo lan\u00e7ado em julho deste ano, e \u201cStrategy\u201d, a colabora\u00e7\u00e3o com <strong>Megan Thee Stallion<\/strong> que foi divulgada nas plataformas de streaming de m\u00fasica em dezembro do ano passado.<\/p>\n<p>Na ocasi\u00e3o, nem todas as integrantes estavam presentes, o que fez com que <strong>Nayeon<\/strong>, <strong>Momo<\/strong>, <strong>Jihyo<\/strong> e <strong>Tzuyu<\/strong> se dividissem para assumir as linhas das demais membros do grupo enquanto caminhavam e dan\u00e7avam pela passarela ao lado das Angels (como s\u00e3o chamadas as modelos) e bailarinas; veja:<\/p>\n<p>Apesar do feito hist\u00f3rico, nas redes sociais, a apresenta\u00e7\u00e3o acabou recebendo cr\u00edticas. Direcionados principalmente aos vocais das idols, os coment\u00e1rios vieram em grande maioria para <strong>Tzuyu<\/strong>, a qual foi alvo de argumentos negativos sobre o desempenho ao vivo.<\/p>\n<p>Como resultado, a idol usou o Bubble para pedir desculpas ao ONCE (nome do fandom), e compartilhou com os f\u00e3s que, no momento, n\u00e3o estava bem de sa\u00fade, visto que passava por uma dor de garganta. Apesar de se cuidar, ela afirmou que n\u00e3o conseguiu se recupera a tempo para a apresenta\u00e7\u00e3o.<\/p>\n<blockquote>\n<p>\u201cAntes de vir para Nova York, eu praticava bem com meu professor de canto, mas depois de chegar em Nova York, minha garganta come\u00e7ou a piorar cada vez mais\u2026 Durante o ensaio, eu ainda conseguia emitir sons, mas piorou muito durante a apresenta\u00e7\u00e3o principal, e minha garganta ficou completamente rouca, ent\u00e3o eu n\u00e3o conseguia emitir nenhum som. Como minha garganta do\u00eda muito, tomei ch\u00e1 de mel e tentei muitas coisas diferentes\u2026\u201d, escreveu a idol.<\/p>\n<blockquote class=\"twitter-tweet\">\n<p dir=\"ltr\" lang=\"pt\"><a href=\"https:\/\/twitter.com\/hashtag\/TZUYU?src=hash&amp;ref_src=twsrc%5Etfw\" rel=\"nofollow noopener\" target=\"_blank\">#TZUYU<\/a> em seu \ud83e\udee7<\/p>\n<p>TZ: \u201cONCE, me desculpe\u2026\u201d<\/p>\n<p>TZ: \u201cAntes de vir para New York eu aqueci a minha garganta com um professor de canto, mas depois que eu cheguei em New York minha garganta piorou cada vez mais. Minha voz ainda estava boa no ensaio, mas piorou durante a apresenta\u00e7\u00e3o e\u2026 <a href=\"https:\/\/t.co\/9YcJBWwTSD\" rel=\"nofollow\">pic.twitter.com\/9YcJBWwTSD<\/a><\/p>\n<p>\u2014 TWICE BRASIL (@oncetwicebra) <a href=\"https:\/\/twitter.com\/oncetwicebra\/status\/1978625912360079496?ref_src=twsrc%5Etfw\" rel=\"nofollow noopener\" target=\"_blank\">October 16, 2025<\/a><\/p>\n<\/blockquote>\n<\/blockquote>\n<p>Na mesma plataforma, <strong>Jihyo<\/strong>, a l\u00edder da forma\u00e7\u00e3o, aproveitou o espa\u00e7o para pedir elogios a colega do grupo e lamentar o ocorrido. Ela escreveu:\u00a0\u201cVamos elogiar rapidamente a nossa Tzuyu\u201d. Logo em seguida demonstrou preocupa\u00e7\u00e3o com a idol: \u201cO resfriado da Tzuyu de repente piorou muito. Eu tamb\u00e9m estou chateada, mas me pergunto o qu\u00e3o chateada a Tzuyu est\u00e1\u201d.<\/p>\n<blockquote class=\"twitter-tweet\">\n<p dir=\"ltr\" lang=\"pt\"><a href=\"https:\/\/twitter.com\/hashtag\/JIHYO?src=hash&amp;ref_src=twsrc%5Etfw\" rel=\"nofollow noopener\" target=\"_blank\">#JIHYO<\/a> em seu \ud83e\udee7<\/p>\n<p>JH: \u201cVamos elogiar rapidamente a nossa Tzuyu\u201d<\/p>\n<p>JH: \u201cO resfriado da Tzuyu de repente piorou muito. Eu tamb\u00e9m estou chateada, mas me pergunto o qu\u00e3o chateada a Tzuyu est\u00e1\u201d<\/p>\n<p>JH: \u201cRecebi muitos elogios\u201d<\/p>\n<p>JH: \u201cFa\u00e7a mais!!! Continue!!!\u201d<\/p>\n<p>WE LOVE YOU TZUYU<a href=\"https:\/\/twitter.com\/hashtag\/TZUYU?src=hash&amp;ref_src=twsrc%5Etfw\" rel=\"nofollow noopener\" target=\"_blank\">#TZUYU<\/a> <a href=\"https:\/\/twitter.com\/hashtag\/%EC%AF%94%EC%9C%84?src=hash&amp;ref_src=twsrc%5Etfw\" rel=\"nofollow noopener\" target=\"_blank\">#\ucbd4\uc704<\/a>\u2026 <a href=\"https:\/\/t.co\/cFGLlCOkdK\" rel=\"nofollow\">pic.twitter.com\/cFGLlCOkdK<\/a><\/p>\n<p>\u2014 TWICE BRASIL (@oncetwicebra) <a href=\"https:\/\/twitter.com\/oncetwicebra\/status\/1978627825595818068?ref_src=twsrc%5Etfw\" rel=\"nofollow noopener\" target=\"_blank\">October 16, 2025<\/a><\/p>\n<\/blockquote>\n<p>\u00a0<\/p>\n<p>        <a href=\"https:\/\/recreio.com.br\/noticias\/author\/izabela-queiroz\" rel=\"nofollow noopener\" target=\"_blank\">&#13;<br \/>\n          <img alt=\"Izabela Queiroz\" src=\"https:\/\/www.europesays.com\/pt\/wp-content\/uploads\/2025\/10\/1760658325_280_73c0b9c1056486c3f0ac887fc031213cdd608512c3b419d28e1ba5da81c3eb12\"  class=\"avatar avatar-115 photo rounded-circle mr-3\" height=\"115\" width=\"115\" loading=\"lazy\" decoding=\"async\"\/>        <\/a><\/p>\n<p>Izabela Queiroz, jornalista por paix\u00e3o e cin\u00e9fila de carteirinha. Formada pela UNINOVE, encontrou na escrita o lugar ideal para unir tudo o que mais gosta: filmes, s\u00e9ries e m\u00fasica. Nos textos, h\u00e1 quase sempre refer\u00eancias a algo relacionado \u00e0 cultura pop que a marcou. Fora deles, a encontrar\u00e1 assistindo hist\u00f3rias com reviravoltas chocantes, romances cativantes e dramas que a fazem chorar.<\/p>\n<p>\t                                            <script async src=\"https:\/\/platform.twitter.com\/widgets.js\" charset=\"utf-8\"><\/script><script async src=\"\/\/www.instagram.com\/embed.js\"><\/script><\/p>\n","protected":false},"excerpt":{"rendered":"Membro do grupo feminino de k-pop TWICE, Tzuyu usou o aplicativo de mensagens Bubble (usado por idols para&hellip;\n","protected":false},"author":2,"featured_media":113916,"comment_status":"","ping_status":"","sticky":false,"template":"","format":"standard","meta":{"footnotes":""},"categories":[141],"tags":[114,115,22167,1688,22168,149,150,22169,32,33,14047,22171,26779],"class_list":{"0":"post-113915","1":"post","2":"type-post","3":"status-publish","4":"format-standard","5":"has-post-thumbnail","7":"category-musica","8":"tag-entertainment","9":"tag-entretenimento","10":"tag-jihyo","11":"tag-k-pop","12":"tag-momo","13":"tag-music","14":"tag-musica","15":"tag-nayeon","16":"tag-portugal","17":"tag-pt","18":"tag-twice","19":"tag-tzuyu","20":"tag-victorias-secrets-fashion-show"},"share_on_mastodon":{"url":"","error":""},"_links":{"self":[{"href":"https:\/\/www.europesays.com\/pt\/wp-json\/wp\/v2\/posts\/113915","targetHints":{"allow":["GET"]}}],"collection":[{"href":"https:\/\/www.europesays.com\/pt\/wp-json\/wp\/v2\/posts"}],"about":[{"href":"https:\/\/www.europesays.com\/pt\/wp-json\/wp\/v2\/types\/post"}],"author":[{"embeddable":true,"href":"https:\/\/www.europesays.com\/pt\/wp-json\/wp\/v2\/users\/2"}],"replies":[{"embeddable":true,"href":"https:\/\/www.europesays.com\/pt\/wp-json\/wp\/v2\/comments?post=113915"}],"version-history":[{"count":0,"href":"https:\/\/www.europesays.com\/pt\/wp-json\/wp\/v2\/posts\/113915\/revisions"}],"wp:featuredmedia":[{"embeddable":true,"href":"https:\/\/www.europesays.com\/pt\/wp-json\/wp\/v2\/media\/113916"}],"wp:attachment":[{"href":"https:\/\/www.europesays.com\/pt\/wp-json\/wp\/v2\/media?parent=113915"}],"wp:term":[{"taxonomy":"category","embeddable":true,"href":"https:\/\/www.europesays.com\/pt\/wp-json\/wp\/v2\/categories?post=113915"},{"taxonomy":"post_tag","embeddable":true,"href":"https:\/\/www.europesays.com\/pt\/wp-json\/wp\/v2\/tags?post=113915"}],"curies":[{"name":"wp","href":"https:\/\/api.w.org\/{rel}","templated":true}]}}