{"id":113923,"date":"2025-10-16T23:55:16","date_gmt":"2025-10-16T23:55:16","guid":{"rendered":"https:\/\/www.europesays.com\/pt\/113923\/"},"modified":"2025-10-16T23:55:16","modified_gmt":"2025-10-16T23:55:16","slug":"da-venda-de-conceicao-ao-esforco-por-samu-fc-porto-detalha-negocios-do-verao","status":"publish","type":"post","link":"https:\/\/www.europesays.com\/pt\/113923\/","title":{"rendered":"Da venda de Concei\u00e7\u00e3o ao esfor\u00e7o por Samu: FC Porto detalha neg\u00f3cios do ver\u00e3o"},"content":{"rendered":"<p style=\"margin-bottom:11px\">O FC Porto atualizou o portal da transpar\u00eancia, revelando os valores envolvidos nas transfer\u00eancias deste ver\u00e3o. A informa\u00e7\u00e3o foi publicada no site dos drag\u00f5es.<\/p>\n<p>Conforme nas imagens abaixo disponibilizadas, a SAD presidida por Andr\u00e9 Villas-Boas lucrou particularmente com a venda de Francisco Concei\u00e7\u00e3o \u00e0 Juventus, at\u00e9 porque o internacional portugu\u00eas abdicou dos 20 por cento do montante l\u00edquido da transfer\u00eancia. Ainda que a Gestifute \u2013 de Jorge Mendes \u2013 tenha recebido 3,04 milh\u00f5es de euros de comiss\u00e3o de intermedia\u00e7\u00e3o, os cofres azuis e brancos receberam 28,9 milh\u00f5es.<\/p>\n<p>Nas restantes sa\u00eddas permanentes, o FC Porto reservou percentagens de mais valias ou passe em futuras vendas de 11 jogadores: Abraham Marcus (40 por cento), Denis Gutu (50), F\u00e1bio Cardoso (25), Fran Navarro (25), Gon\u00e7alo Borges (15), Jo\u00e3o M\u00e1rio (10), Jorge Meireles (20), Ot\u00e1vio (15), Rom\u00e1rio Bar\u00f3 (40), Wendel (20) e Z\u00e9 Pedro (50).<\/p>\n<p style=\"text-align:center\"><img loading=\"lazy\" decoding=\"async\" alt=\"\" height=\"444\" src=\"https:\/\/www.europesays.com\/pt\/wp-content\/uploads\/2025\/10\/1760658914_937_1000.webp\" width=\"1000\"\/><\/p>\n<p>Quanto aos empr\u00e9stimos, o Auxerre paga o valor fixo de um milh\u00e3o e uma vari\u00e1vel de 550 mil euros pela ced\u00eancia de Dany Namaso, num acordo que permite aos franceses adquirirem 60 por cento do passe por 5 milh\u00f5es (mais 0,7 milh\u00f5es vari\u00e1veis), cl\u00e1usula que se torna obrigat\u00f3ria consoante o desfecho da \u00e9poca.<\/p>\n<p>Em junho tamb\u00e9m se decide o futuro de Vasco Sousa, m\u00e9dio cedido ao Moreirense e com op\u00e7\u00e3o de compra de 8 milh\u00f5es por 80 por cento do passe. Quanto a Samuel Portugal, o guarda-redes pode permanecer no Al Akhdoud caso os sauditas acionem a op\u00e7\u00e3o de compra de 1,7 milh\u00f5es.<\/p>\n<p>Decis\u00e3o mais c\u00e9lere vai ser tomada quanto ao futuro de Iv\u00e1n Jaime, uma vez que o Montreal pode acionar a op\u00e7\u00e3o de compra de 5 milh\u00f5es por 80 por cento do passe at\u00e9 31 de janeiro. Em alternativa, este clube pode reter o jogador se pagar 5,5 milh\u00f5es at\u00e9 31 de maio \u2013 cl\u00e1usula que se torna obrigat\u00f3ria consoante objetivos.<\/p>\n<p>Por \u00faltimo neste cap\u00edtulo, Andr\u00e9 Franco termina o per\u00edodo de ced\u00eancia ao Chicago Fire a 31 de dezembro. O emblema norte-americano det\u00e9m uma op\u00e7\u00e3o de compra de 50 por cento do passe por 1,1 milh\u00f5es, com outro milh\u00e3o de vari\u00e1veis.<\/p>\n<p style=\"text-align:center\"><img loading=\"lazy\" decoding=\"async\" alt=\"\" height=\"299\" src=\"https:\/\/www.europesays.com\/pt\/wp-content\/uploads\/2025\/10\/1760658914_317_1000.webp\" width=\"1000\"\/><\/p>\n<p>No cap\u00edtulo de \u00abentradas tempor\u00e1rias\u00bb, o defesa Jakub Kiwior foi cedido pelo Arsenal at\u00e9 junho, sendo que o FC Porto pode assinar em definitivo com o polaco consoante o pagamento de 22 milh\u00f5es (17+5 vari\u00e1veis). Neste caso, o emblema londrino ret\u00e9m 2 milh\u00f5es sobre futura transfer\u00eancia.<\/p>\n<p style=\"text-align:center\"><img loading=\"lazy\" decoding=\"async\" alt=\"\" height=\"205\" src=\"https:\/\/www.europesays.com\/pt\/wp-content\/uploads\/2025\/10\/1760658915_130_1000.webp\" width=\"1000\"\/><\/p>\n<p>No que diz respeito a contrata\u00e7\u00f5es definitivas, de real\u00e7ar as cl\u00e1usula de rescis\u00e3o de Samu e Borja Sainz: 100 milh\u00f5es. Os drag\u00f5es conclu\u00edram a aquisi\u00e7\u00e3o da totalidade do passe de Samu junto do Atl\u00e9tico de Madrid, investindo mais 17 milh\u00f5es.<\/p>\n<p style=\"text-align:center\"><img loading=\"lazy\" decoding=\"async\" alt=\"\" height=\"520\" src=\"https:\/\/www.europesays.com\/pt\/wp-content\/uploads\/2025\/10\/1760658915_851_1000.webp\" width=\"1000\"\/><\/p>\n","protected":false},"excerpt":{"rendered":"O FC Porto atualizou o portal da transpar\u00eancia, revelando os valores envolvidos nas transfer\u00eancias deste ver\u00e3o. A informa\u00e7\u00e3o&hellip;\n","protected":false},"author":2,"featured_media":86074,"comment_status":"","ping_status":"","sticky":false,"template":"","format":"standard","meta":{"footnotes":""},"categories":[8],"tags":[3073,27,28,282,7822,15,16,3905,14,25,26,36,21,22,46,42,41,12644,12,13,19,20,19364,462,32,23,24,33,47,17,18,35,29,30,31,3042],"class_list":{"0":"post-113923","1":"post","2":"type-post","3":"status-publish","4":"format-standard","5":"has-post-thumbnail","7":"category-principais-noticias","8":"tag-andre-villas-boas","9":"tag-breaking-news","10":"tag-breakingnews","11":"tag-fc-porto","12":"tag-fc-porto-sad","13":"tag-featured-news","14":"tag-featurednews","15":"tag-financas","16":"tag-headlines","17":"tag-latest-news","18":"tag-latestnews","19":"tag-liga","20":"tag-main-news","21":"tag-mainnews","22":"tag-maisfutebol","23":"tag-mercado","24":"tag-mercado-de-transferencias","25":"tag-mercado-fc-porto","26":"tag-news","27":"tag-noticias","28":"tag-noticias-principais","29":"tag-noticiasprincipais","30":"tag-portal-da-transparencia","31":"tag-porto","32":"tag-portugal","33":"tag-principais-noticias","34":"tag-principaisnoticias","35":"tag-pt","36":"tag-pura-paixao","37":"tag-top-stories","38":"tag-topstories","39":"tag-transferencias","40":"tag-ultimas","41":"tag-ultimas-noticias","42":"tag-ultimasnoticias","43":"tag-villas-boas"},"share_on_mastodon":{"url":"","error":""},"_links":{"self":[{"href":"https:\/\/www.europesays.com\/pt\/wp-json\/wp\/v2\/posts\/113923","targetHints":{"allow":["GET"]}}],"collection":[{"href":"https:\/\/www.europesays.com\/pt\/wp-json\/wp\/v2\/posts"}],"about":[{"href":"https:\/\/www.europesays.com\/pt\/wp-json\/wp\/v2\/types\/post"}],"author":[{"embeddable":true,"href":"https:\/\/www.europesays.com\/pt\/wp-json\/wp\/v2\/users\/2"}],"replies":[{"embeddable":true,"href":"https:\/\/www.europesays.com\/pt\/wp-json\/wp\/v2\/comments?post=113923"}],"version-history":[{"count":0,"href":"https:\/\/www.europesays.com\/pt\/wp-json\/wp\/v2\/posts\/113923\/revisions"}],"wp:featuredmedia":[{"embeddable":true,"href":"https:\/\/www.europesays.com\/pt\/wp-json\/wp\/v2\/media\/86074"}],"wp:attachment":[{"href":"https:\/\/www.europesays.com\/pt\/wp-json\/wp\/v2\/media?parent=113923"}],"wp:term":[{"taxonomy":"category","embeddable":true,"href":"https:\/\/www.europesays.com\/pt\/wp-json\/wp\/v2\/categories?post=113923"},{"taxonomy":"post_tag","embeddable":true,"href":"https:\/\/www.europesays.com\/pt\/wp-json\/wp\/v2\/tags?post=113923"}],"curies":[{"name":"wp","href":"https:\/\/api.w.org\/{rel}","templated":true}]}}