{"id":113928,"date":"2025-10-17T00:00:12","date_gmt":"2025-10-17T00:00:12","guid":{"rendered":"https:\/\/www.europesays.com\/pt\/113928\/"},"modified":"2025-10-17T00:00:12","modified_gmt":"2025-10-17T00:00:12","slug":"seventeen-wonwoo-e-jeonghan-sao-confirmados-em-premiacao-do-governo-coreano","status":"publish","type":"post","link":"https:\/\/www.europesays.com\/pt\/113928\/","title":{"rendered":"SEVENTEEN: Wonwoo e Jeonghan s\u00e3o confirmados em premia\u00e7\u00e3o do governo coreano"},"content":{"rendered":"<p>ATEN\u00c7\u00c3O, CARAT\u2019s! Ap\u00f3s o <a href=\"https:\/\/www.instagram.com\/saythename_17\/\" target=\"_blank\" rel=\"noopener nofollow\">SEVENTEEN<\/a> ser revelado como um dos grupos de <a href=\"https:\/\/recreio.com.br\/tags\/k-pop\" target=\"_blank\" rel=\"noopener nofollow\">k-pop<\/a> que ser\u00e3o homenageados com a \u201cMen\u00e7\u00e3o Presidencial\u201d do \u201cPr\u00eamio de Cultura e Artes Populares da Coreia\u201d, agora foi revelado que <strong>Wonwoo<\/strong> e <strong>Jeonghan<\/strong> ser\u00e3o os respons\u00e1veis por representar a forma\u00e7\u00e3o na premia\u00e7\u00e3o.<\/p>\n<p>Organizado pelo <a href=\"https:\/\/en.wikipedia.org\/wiki\/Ministry_of_Culture,_Sports_and_Tourism_(South_Korea)\" target=\"_blank\" rel=\"noopener nofollow\">Minist\u00e9rio da Cultura, Esportes e Turismo da Coreia do Sul<\/a> em parceria com a Korea Creative Content Agency (KOCCA), o pr\u00eamio governamental \u00e9 um dos mais prestigiados do pa\u00eds, e visa reconhecer artistas e organiza\u00e7\u00f5es que contribuem para a Hallyu, a Onda Coreana, ou seja, para populariza\u00e7\u00e3o mundial da cultura sul-coreana.<\/p>\n<p>Dada a import\u00e2ncia do evento, <strong>Wonwoo<\/strong>, que se alistou no ex\u00e9rcito em 3 de abril, e <strong>Jeonghan<\/strong>, que trocou os figurinos de shows por fardas militares em 26 de setembro do ano passado, poder\u00e3o representar o grupo. Os dois idols atualmente continuam servindo \u00e0s for\u00e7as armadas, fazendo com que a presen\u00e7a do grupo seja circunstancial.<\/p>\n<p>Vale mencionar que, neste ano, a premia\u00e7\u00e3o homenagear\u00e1 com medalhas e condecora\u00e7\u00f5es mais de trinta nomes que ajudam a promover a arte, entretenimento, moda e culin\u00e1ria da Coreia do Sul ao redor do mundo. Dentre eles, est\u00e3o outros grandes nomes do K-pop, como <a href=\"https:\/\/twice.jype.com\/\" target=\"_blank\" rel=\"noopener nofollow\">TWICE<\/a> e o ATEEZ, que receber\u00e3o a \u201cMen\u00e7\u00e3o do Primeiro-Ministro\u201d; outros grupos e idols incluem:<\/p>\n<ul>\n<li>TVXQ! e Ros\u00e9, do BLACKPINK, que receber\u00e3o a \u201cMen\u00e7\u00e3o Presidencial\u201d;<\/li>\n<li>G-Dragon, do BIGBANG, que receber\u00e1 a Ordem da Coroa de Jade (ou Okgwan) e a Ordem do M\u00e9rito Cultural;<\/li>\n<li>ATEEZ, RIIZE, LE SSERAFIM, i-dle e ZEROBASEONE que receber\u00e3o o pr\u00eamio de \u201cMen\u00e7\u00e3o do Ministro da Cultura\u201d.<\/li>\n<\/ul>\n<p>O \u201cPr\u00eamio de Cultura e Artes Populares da Coreia\u201d anunciou os nomes homenageados na \u00faltima quarta-feira, 16, e os pr\u00eamios ser\u00e3o entregues nos dias 22 a 23 de outubro durante a Korea Popular Culture &amp; Arts Awards, cerim\u00f4nia de premia\u00e7\u00e3o anual administrada pelo governo sul-coreano, que ser\u00e1 realizada na capital do pa\u00eds, Seul, no Teatro Nacional da Coreia em Jung-gu.<\/p>\n<p>        <a href=\"https:\/\/recreio.com.br\/noticias\/author\/izabela-queiroz\" rel=\"nofollow noopener\" target=\"_blank\">&#13;<br \/>\n          <img loading=\"lazy\" alt=\"Izabela Queiroz\" src=\"https:\/\/www.europesays.com\/pt\/wp-content\/uploads\/2025\/10\/1760659212_495_73c0b9c1056486c3f0ac887fc031213cdd608512c3b419d28e1ba5da81c3eb12\"  class=\"avatar avatar-115 photo rounded-circle mr-3\" height=\"115\" width=\"115\" decoding=\"async\"\/>        <\/a><\/p>\n<p>Izabela Queiroz, jornalista por paix\u00e3o e cin\u00e9fila de carteirinha. Formada pela UNINOVE, encontrou na escrita o lugar ideal para unir tudo o que mais gosta: filmes, s\u00e9ries e m\u00fasica. Nos textos, h\u00e1 quase sempre refer\u00eancias a algo relacionado \u00e0 cultura pop que a marcou. Fora deles, a encontrar\u00e1 assistindo hist\u00f3rias com reviravoltas chocantes, romances cativantes e dramas que a fazem chorar.<\/p>\n<p>\t                                            <script async src=\"\/\/www.instagram.com\/embed.js\"><\/script><\/p>\n","protected":false},"excerpt":{"rendered":"ATEN\u00c7\u00c3O, CARAT\u2019s! Ap\u00f3s o SEVENTEEN ser revelado como um dos grupos de k-pop que ser\u00e3o homenageados com a&hellip;\n","protected":false},"author":2,"featured_media":113929,"comment_status":"","ping_status":"","sticky":false,"template":"","format":"standard","meta":{"footnotes":""},"categories":[141],"tags":[114,115,26780,1688,149,150,32,33,21984,26781],"class_list":{"0":"post-113928","1":"post","2":"type-post","3":"status-publish","4":"format-standard","5":"has-post-thumbnail","7":"category-musica","8":"tag-entertainment","9":"tag-entretenimento","10":"tag-jeonghan","11":"tag-k-pop","12":"tag-music","13":"tag-musica","14":"tag-portugal","15":"tag-pt","16":"tag-seventeen","17":"tag-wonwoo"},"share_on_mastodon":{"url":"","error":""},"_links":{"self":[{"href":"https:\/\/www.europesays.com\/pt\/wp-json\/wp\/v2\/posts\/113928","targetHints":{"allow":["GET"]}}],"collection":[{"href":"https:\/\/www.europesays.com\/pt\/wp-json\/wp\/v2\/posts"}],"about":[{"href":"https:\/\/www.europesays.com\/pt\/wp-json\/wp\/v2\/types\/post"}],"author":[{"embeddable":true,"href":"https:\/\/www.europesays.com\/pt\/wp-json\/wp\/v2\/users\/2"}],"replies":[{"embeddable":true,"href":"https:\/\/www.europesays.com\/pt\/wp-json\/wp\/v2\/comments?post=113928"}],"version-history":[{"count":0,"href":"https:\/\/www.europesays.com\/pt\/wp-json\/wp\/v2\/posts\/113928\/revisions"}],"wp:featuredmedia":[{"embeddable":true,"href":"https:\/\/www.europesays.com\/pt\/wp-json\/wp\/v2\/media\/113929"}],"wp:attachment":[{"href":"https:\/\/www.europesays.com\/pt\/wp-json\/wp\/v2\/media?parent=113928"}],"wp:term":[{"taxonomy":"category","embeddable":true,"href":"https:\/\/www.europesays.com\/pt\/wp-json\/wp\/v2\/categories?post=113928"},{"taxonomy":"post_tag","embeddable":true,"href":"https:\/\/www.europesays.com\/pt\/wp-json\/wp\/v2\/tags?post=113928"}],"curies":[{"name":"wp","href":"https:\/\/api.w.org\/{rel}","templated":true}]}}